{"id":84791,"date":"2021-11-12T16:04:19","date_gmt":"2021-11-12T19:04:19","guid":{"rendered":"https:\/\/tvtecjundiai.com.br\/news\/?p=84791"},"modified":"2021-11-12T16:04:40","modified_gmt":"2021-11-12T19:04:40","slug":"comitiva-de-louveira-visita-o-mundo-das-criancas","status":"publish","type":"post","link":"https:\/\/tvtecjundiai.com.br\/news\/2021\/11\/12\/comitiva-de-louveira-visita-o-mundo-das-criancas\/","title":{"rendered":"Comitiva de Louveira visita o Mundo das Crian\u00e7as"},"content":{"rendered":"\n<p>Uma comitiva de cerca 20 representantes da Prefeitura de Louveira \u2013 acompanhada do prefeito Estanislau Steck e da primeira dama, Magali Bragile Steck, presidente do Fundo Social de Solidariedade do Munic\u00edpio -, esteve em visita na sexta-feira (12) no Mundo das Crian\u00e7as.<\/p>\n\n\n\n<p>Foram recebidos pela gestora adjunta da Unidade de Gest\u00e3o de Educa\u00e7\u00e3o, T\u00e2nia Gurgel, que falou sobre a import\u00e2ncia da troca de experi\u00eancias entre os munic\u00edpios vizinhos. \u201c\u00c9 muito bom quando recebemos essas visitas porque toda troca \u00e9 sempre muito bem-vinda\u201d, destacou T\u00e2nia.<\/p>\n\n\n\n<figure class=\"wp-block-image\"><img decoding=\"async\" src=\"https:\/\/jundiai.sp.gov.br\/noticias\/wp-content\/uploads\/sites\/32\/2021\/11\/visita_prefeito_louveira_mundo-56.jpg\" alt=\"\" class=\"wp-image-280428\" \/><figcaption>Comitiva visitou o Mundo das Crian\u00e7as, na manh\u00e3 desta sexta-feira (12)<\/figcaption><\/figure>\n\n\n\n<p>Para o prefeito, que visitava o local pela primeira vez, o grupo estava ansioso por este dia. \u201cAdiamos este passeio algumas vezes por causa de chuva, mas hoje estamos aqui com uma equipe grande. Em Louveira, temos v\u00e1rios espa\u00e7os a ocupar e, apesar de incentivarmos os cidad\u00e3os a conhecerem o Mundo das Crian\u00e7as, tamb\u00e9m gostar\u00edamos de promover a\u00e7\u00f5es pedag\u00f3gicas como j\u00e1 s\u00e3o feitas aqui nos parques que implantaremos l\u00e1\u201d, destacou Steck.<\/p>\n\n\n\n<p>Tamb\u00e9m participaram da visita titulares de v\u00e1rias \u00e1reas, como Educa\u00e7\u00e3o, Sa\u00fade, Desenvolvimento Social, Esportes, Obras e Assist\u00eancia Social, entre outros.<\/p>\n\n\n\n<p><em><strong>(Fonte\/Imagem: DAE Jundia\u00ed)<\/strong><\/em><\/p>\n","protected":false},"excerpt":{"rendered":"<p>Participaram da visita titulares de v\u00e1rias \u00e1reas, como Educa\u00e7\u00e3o, Sa\u00fade, Desenvolvimento Social, entre outros.<\/p>\n","protected":false},"author":27,"featured_media":84792,"comment_status":"closed","ping_status":"closed","sticky":false,"template":"","format":"standard","meta":{"footnotes":""},"categories":[8356],"tags":[],"class_list":["post-84791","post","type-post","status-publish","format-standard","has-post-thumbnail","hentry","category-jundiai"],"_links":{"self":[{"href":"https:\/\/tvtecjundiai.com.br\/news\/wp-json\/wp\/v2\/posts\/84791","targetHints":{"allow":["GET"]}}],"collection":[{"href":"https:\/\/tvtecjundiai.com.br\/news\/wp-json\/wp\/v2\/posts"}],"about":[{"href":"https:\/\/tvtecjundiai.com.br\/news\/wp-json\/wp\/v2\/types\/post"}],"author":[{"embeddable":true,"href":"https:\/\/tvtecjundiai.com.br\/news\/wp-json\/wp\/v2\/users\/27"}],"replies":[{"embeddable":true,"href":"https:\/\/tvtecjundiai.com.br\/news\/wp-json\/wp\/v2\/comments?post=84791"}],"version-history":[{"count":1,"href":"https:\/\/tvtecjundiai.com.br\/news\/wp-json\/wp\/v2\/posts\/84791\/revisions"}],"predecessor-version":[{"id":84793,"href":"https:\/\/tvtecjundiai.com.br\/news\/wp-json\/wp\/v2\/posts\/84791\/revisions\/84793"}],"wp:featuredmedia":[{"embeddable":true,"href":"https:\/\/tvtecjundiai.com.br\/news\/wp-json\/wp\/v2\/media\/84792"}],"wp:attachment":[{"href":"https:\/\/tvtecjundiai.com.br\/news\/wp-json\/wp\/v2\/media?parent=84791"}],"wp:term":[{"taxonomy":"category","embeddable":true,"href":"https:\/\/tvtecjundiai.com.br\/news\/wp-json\/wp\/v2\/categories?post=84791"},{"taxonomy":"post_tag","embeddable":true,"href":"https:\/\/tvtecjundiai.com.br\/news\/wp-json\/wp\/v2\/tags?post=84791"}],"curies":[{"name":"wp","href":"https:\/\/api.w.org\/{rel}","templated":true}]}}