{"id":84815,"date":"2021-11-13T09:45:36","date_gmt":"2021-11-13T12:45:36","guid":{"rendered":"https:\/\/tvtecjundiai.com.br\/news\/?p=84815"},"modified":"2021-11-13T09:45:43","modified_gmt":"2021-11-13T12:45:43","slug":"parceria-promove-curso-de-economia-prateada-para-publico-50","status":"publish","type":"post","link":"https:\/\/tvtecjundiai.com.br\/news\/2021\/11\/13\/parceria-promove-curso-de-economia-prateada-para-publico-50\/","title":{"rendered":"Parceria promove curso de economia prateada para p\u00fablico 50+"},"content":{"rendered":"\n<p>Com o objetivo de promover capacita\u00e7\u00e3o para o p\u00fablico com mais de 50 anos, teve in\u00edcio, nesta sexta-feira (12), o curso Envelhe(SER) na Ativa, ministrado pela VRS Academy, em parceria com a Unidade de Gest\u00e3o de Educa\u00e7\u00e3o (UGE), articulada pela Rede Jundia\u00ed de Coopera\u00e7\u00e3o, vinculada \u00e0 Unidade de Gest\u00e3o de Governo e Finan\u00e7as (UGGF).<\/p>\n\n\n\n<p>A a\u00e7\u00e3o \u00e9 um curso de economia prateada, com foco no p\u00fablico 50+, com tem\u00e1ticas que v\u00e3o desde autoestima, autorrealiza\u00e7\u00e3o, at\u00e9 a transforma\u00e7\u00e3o digital e alternativas criativas de renda. As aulas continuam nos dias 19 e 26 de novembro, no audit\u00f3rio do Centro Municipal de Educa\u00e7\u00e3o de Jovens e Adultos (CMEJA) Prof. Dr. Andr\u00e9 Franco Montoro.&nbsp;<\/p>\n\n\n\n<p>Djalma Benedito dos Santos, 69 anos, cursa o Ensino M\u00e9dio na Escola de Jovens e Adultos (EJA) e \u00e9 um dos 30 alunos que se inscreveram para o Envelhe(SER). \u201cConhecimento nunca \u00e9 demais e \u00e9 bom para a nossa sobreviv\u00eancia. Sei que o curso vai falar de dinheiro e isso \u00e9 importante, pois n\u00e3o podemos gastar al\u00e9m do or\u00e7amento\u201d, afirmou o idoso que estava empolgado com o in\u00edcio das aulas.&nbsp;<\/p>\n\n\n\n<figure class=\"wp-block-image\"><img decoding=\"async\" src=\"https:\/\/jundiai.sp.gov.br\/noticias\/wp-content\/uploads\/sites\/32\/2021\/11\/cmeja_envelhecer_na_ativa-36.jpg\" alt=\"\" class=\"wp-image-280459\" \/><figcaption>Djalma \u00e9 um dos alunos do Envelhe(SER)<\/figcaption><\/figure>\n\n\n\n<p>Envelhe(SER) tamb\u00e9m \u00e9 um est\u00edmulo \u00e0 busca de trabalho e\/ou neg\u00f3cios que constituam renda para a autonomia e independ\u00eancia deste grupo et\u00e1rio. Luciana Corr\u00eaa \u00e9 professora do curso e da VRS Academy e explica que, no Brasil, nos pr\u00f3ximos anos, 45% da popula\u00e7\u00e3o economicamente ativa ter\u00e1 pelo menos 45 anos. \u201cVamos abordar conte\u00fados pr\u00e1ticos para promover o envelhecimento economicamente ativo da popula\u00e7\u00e3o, seja individual ou para a coletividade de forma geral. Ser\u00e3o trabalhados tr\u00eas principais t\u00f3picos, o SER, o SABER e o TER. \u00c9 um curso que visa \u00e0 promo\u00e7\u00e3o coletiva do conhecimento\u201d, conta Luciana.&nbsp;<\/p>\n\n\n\n<p>\u201cA parceria com a VRS Academy tem foco no est\u00edmulo do grupo et\u00e1rio 50+ para a manuten\u00e7\u00e3o ou reinser\u00e7\u00e3o da presen\u00e7a ativa deste p\u00fablico na economia. Essa \u00e9 mais uma parceria que promove a capacita\u00e7\u00e3o das pessoas e de m\u00e3o de obra qualificada\u201d, lembra o gestor da UGGF, Jos\u00e9 Antonio Parimoschi.&nbsp;<\/p>\n\n\n\n<figure class=\"wp-block-image\"><img decoding=\"async\" src=\"https:\/\/jundiai.sp.gov.br\/noticias\/wp-content\/uploads\/sites\/32\/2021\/11\/cmeja_envelhecer_na_ativa-90.jpg\" alt=\"\" class=\"wp-image-280456\" \/><figcaption>Curso \u00e9 voltado para estimular a autonomia e independ\u00eancia da economia prateada<\/figcaption><\/figure>\n\n\n\n<p>\u201cA VRS Academy j\u00e1 nos ofereceu a capacita\u00e7\u00e3o para a escola de pais, que foi um sucesso entre os participantes. Agora, o Envelhe(SER) volta o olhar para o envelhecimento da popula\u00e7\u00e3o ao oferecer novas oportunidades aos alunos do CMEJA, que s\u00e3o pessoas que n\u00e3o tiveram a oportunidade de frequentar a educa\u00e7\u00e3o formal dentro do per\u00edodo regular. Boa parte dos alunos jovens e adultos volta aos estudos para que possa se qualificar para o mercado de trabalho\u201d, conclui a gestora de Educa\u00e7\u00e3o, Vast\u00ed Ferrari Marques.<\/p>\n\n\n\n<p><em>(Fonte\/Imagem: Prefeitura de Jundia\u00ed)<\/em><\/p>\n","protected":false},"excerpt":{"rendered":"<p>Capacita\u00e7\u00e3o abordou temas que v\u00e3o desde autorrealiza\u00e7\u00e3o at\u00e9 alternativas criativas de renda<\/p>\n","protected":false},"author":17,"featured_media":84816,"comment_status":"closed","ping_status":"closed","sticky":false,"template":"","format":"standard","meta":{"footnotes":""},"categories":[2828,5038,8356,1],"tags":[],"class_list":["post-84815","post","type-post","status-publish","format-standard","has-post-thumbnail","hentry","category-educacao","category-emprego","category-jundiai","category-noticias"],"_links":{"self":[{"href":"https:\/\/tvtecjundiai.com.br\/news\/wp-json\/wp\/v2\/posts\/84815","targetHints":{"allow":["GET"]}}],"collection":[{"href":"https:\/\/tvtecjundiai.com.br\/news\/wp-json\/wp\/v2\/posts"}],"about":[{"href":"https:\/\/tvtecjundiai.com.br\/news\/wp-json\/wp\/v2\/types\/post"}],"author":[{"embeddable":true,"href":"https:\/\/tvtecjundiai.com.br\/news\/wp-json\/wp\/v2\/users\/17"}],"replies":[{"embeddable":true,"href":"https:\/\/tvtecjundiai.com.br\/news\/wp-json\/wp\/v2\/comments?post=84815"}],"version-history":[{"count":1,"href":"https:\/\/tvtecjundiai.com.br\/news\/wp-json\/wp\/v2\/posts\/84815\/revisions"}],"predecessor-version":[{"id":84817,"href":"https:\/\/tvtecjundiai.com.br\/news\/wp-json\/wp\/v2\/posts\/84815\/revisions\/84817"}],"wp:featuredmedia":[{"embeddable":true,"href":"https:\/\/tvtecjundiai.com.br\/news\/wp-json\/wp\/v2\/media\/84816"}],"wp:attachment":[{"href":"https:\/\/tvtecjundiai.com.br\/news\/wp-json\/wp\/v2\/media?parent=84815"}],"wp:term":[{"taxonomy":"category","embeddable":true,"href":"https:\/\/tvtecjundiai.com.br\/news\/wp-json\/wp\/v2\/categories?post=84815"},{"taxonomy":"post_tag","embeddable":true,"href":"https:\/\/tvtecjundiai.com.br\/news\/wp-json\/wp\/v2\/tags?post=84815"}],"curies":[{"name":"wp","href":"https:\/\/api.w.org\/{rel}","templated":true}]}}