{"id":84947,"date":"2021-11-17T09:16:15","date_gmt":"2021-11-17T12:16:15","guid":{"rendered":"https:\/\/tvtecjundiai.com.br\/news\/?p=84947"},"modified":"2021-11-17T09:50:32","modified_gmt":"2021-11-17T12:50:32","slug":"dia-da-consciencia-negra-tera-programacao-especial-no-complexo-fepasa","status":"publish","type":"post","link":"https:\/\/tvtecjundiai.com.br\/news\/2021\/11\/17\/dia-da-consciencia-negra-tera-programacao-especial-no-complexo-fepasa\/","title":{"rendered":"Dia da Consci\u00eancia Negra ter\u00e1 programa\u00e7\u00e3o especial no Complexo Fepasa"},"content":{"rendered":"\n<p>Com o objetivo de promover a reflex\u00e3o sobre a contribui\u00e7\u00e3o hist\u00f3rica do negro e a sua inser\u00e7\u00e3o na sociedade brasileira, a Unidade de Gest\u00e3o de Cultura (UGC) promove neste s\u00e1bado (20), data em que se comemora o Dia da Consci\u00eancia Negra, um evento especial a partir das 14h30, na Sala Jundia\u00ed do Complexo Fepasa, com entrada franca.<\/p>\n\n\n\n<p>\u201cVale destacar que, por conta da retomada gradual das atividades presenciais, a UGC ir\u00e1 tratar do tema de modo mais profundo ao longo do ano que vem. O edital com mais de R$ 40 mil em investimentos, inclusive, segue aberto para contrata\u00e7\u00e3o de propostas. Decidimos, entretanto, dada a relev\u00e2ncia da data, garantir que houvesse programa\u00e7\u00e3o tamb\u00e9m neste s\u00e1bado (20), para a qual convidamos toda a popula\u00e7\u00e3o\u201d, completou o gestor da UGC, Marcelo Peroni.<\/p>\n\n\n\n<p>Neste s\u00e1bado (20), a programa\u00e7\u00e3o na Sala Jundia\u00ed come\u00e7a \u00e0s 14h30, com uma apresenta\u00e7\u00e3o, comentada pelo diretor do Departamento de Museus da UGC, Paulo Vicentini, de fotos no tel\u00e3o sobre o per\u00edodo de escravid\u00e3o em Jundia\u00ed. Na sequ\u00eancia, \u00e0s 15h30, est\u00e1 prevista uma mesa de debates com especialistas e convidados. Ambas as atividades, al\u00e9m de presenciais, contar\u00e3o com transmiss\u00e3o ao vivo pelos canais da Cultura no Facebook e no YouTube.<\/p>\n\n\n\n<p>Em seguida, \u00e0s 17h, somente para o p\u00fablico presencial, ser\u00e1 apresentado o filme \u201cDoutor Gama\u201d, do diretor Jeferson De, uma produ\u00e7\u00e3o da Globo Filmes. Lan\u00e7ado em agosto deste ano, \u201cDoutor Gama\u201d conta a hist\u00f3ria de vida de Luiz Gama, homem negro que usou leis e tribunais para libertar mais de 500 escravos. Um abolicionista e republicano que inspirou o pa\u00eds. No elenco est\u00e3o C\u00e9sar Mello, Isab\u00e9l Zuaa e Mariana Nunes. A produ\u00e7\u00e3o re\u00fane Paulo Betti, Heitor Dhalia, Egisto Betti e Manoel Rangel.<\/p>\n\n\n\n<div class=\"wp-block-image\"><figure class=\"aligncenter size-large is-resized\"><img loading=\"lazy\" decoding=\"async\" src=\"https:\/\/tvtecjundiai.com.br\/news\/wp-content\/uploads\/sites\/2\/2021\/11\/solar_do_barao_exposicao_jundiai-25-1200x800.jpg\" alt=\"\" class=\"wp-image-84948\" width=\"748\" height=\"499\" srcset=\"https:\/\/tvtecjundiai.com.br\/news\/wp-content\/uploads\/sites\/2\/2021\/11\/solar_do_barao_exposicao_jundiai-25-1200x800.jpg 1200w, https:\/\/tvtecjundiai.com.br\/news\/wp-content\/uploads\/sites\/2\/2021\/11\/solar_do_barao_exposicao_jundiai-25-300x200.jpg 300w, https:\/\/tvtecjundiai.com.br\/news\/wp-content\/uploads\/sites\/2\/2021\/11\/solar_do_barao_exposicao_jundiai-25-768x512.jpg 768w, https:\/\/tvtecjundiai.com.br\/news\/wp-content\/uploads\/sites\/2\/2021\/11\/solar_do_barao_exposicao_jundiai-25.jpg 1280w\" sizes=\"auto, (max-width: 748px) 100vw, 748px\" \/><figcaption>Durante a primeira atividade, ser\u00e3o apresentadas e comentadas fotos do per\u00edodo de escravid\u00e3o em Jundia\u00ed<\/figcaption><\/figure><\/div>\n\n\n\n<p><strong>Edital Cultura Negra<\/strong><\/p>\n\n\n\n<p>J\u00e1 as inscri\u00e7\u00f5es para o edital Cultura Negra v\u00e3o at\u00e9 o dia 26 de novembro. Com R$ 40,8 mil em investimentos, o edital prev\u00ea a sele\u00e7\u00e3o e contrata\u00e7\u00e3o de artistas, solo ou em grupo, por meio de at\u00e9 34 propostas art\u00edsticas e culturais tem\u00e1ticas, de diversas modalidades, como Audiovisual, Culturas Populares, Dan\u00e7a, Literatura, Teatro, M\u00fasica e Propostas Formativas.<\/p>\n\n\n\n<p>As propostas presenciais e virtuais selecionadas ir\u00e3o compor a programa\u00e7\u00e3o alusiva \u00e0 Semana Municipal da Consci\u00eancia Negra e ao Dia da Consci\u00eancia Negra, que ser\u00e3o excepcionalmente comemorados em janeiro e fevereiro do ano que vem, por conta da pandemia.<\/p>\n\n\n\n<p>As inscri\u00e7\u00f5es devem ser realizadas no site da Cultura, por meio de formul\u00e1rio on-line, e onde se encontram os demais documentos necess\u00e1rios para a efetiva\u00e7\u00e3o da inscri\u00e7\u00e3o.<\/p>\n\n\n\n<p>Mais informa\u00e7\u00f5es podem ser obtidas no edital concurso n\u00ba 02\/2021, no site da Cultura, pelo e-mail consciencianegra@jundiai.sp.gov.br ou pelo telefone 4585-9750.<\/p>\n\n\n\n<p><strong><em>(Fonte\/Imagem: Prefeitura de Jundia\u00ed)<\/em><\/strong><\/p>\n","protected":false},"excerpt":{"rendered":"<p>Objetivo \u00e9 promover a reflex\u00e3o sobre a contribui\u00e7\u00e3o hist\u00f3rica do negro e a sua inser\u00e7\u00e3o na sociedade.<\/p>\n","protected":false},"author":25,"featured_media":84948,"comment_status":"closed","ping_status":"closed","sticky":false,"template":"","format":"standard","meta":{"footnotes":""},"categories":[2833,8356,1],"tags":[],"class_list":["post-84947","post","type-post","status-publish","format-standard","has-post-thumbnail","hentry","category-cultura","category-jundiai","category-noticias"],"_links":{"self":[{"href":"https:\/\/tvtecjundiai.com.br\/news\/wp-json\/wp\/v2\/posts\/84947","targetHints":{"allow":["GET"]}}],"collection":[{"href":"https:\/\/tvtecjundiai.com.br\/news\/wp-json\/wp\/v2\/posts"}],"about":[{"href":"https:\/\/tvtecjundiai.com.br\/news\/wp-json\/wp\/v2\/types\/post"}],"author":[{"embeddable":true,"href":"https:\/\/tvtecjundiai.com.br\/news\/wp-json\/wp\/v2\/users\/25"}],"replies":[{"embeddable":true,"href":"https:\/\/tvtecjundiai.com.br\/news\/wp-json\/wp\/v2\/comments?post=84947"}],"version-history":[{"count":2,"href":"https:\/\/tvtecjundiai.com.br\/news\/wp-json\/wp\/v2\/posts\/84947\/revisions"}],"predecessor-version":[{"id":84959,"href":"https:\/\/tvtecjundiai.com.br\/news\/wp-json\/wp\/v2\/posts\/84947\/revisions\/84959"}],"wp:featuredmedia":[{"embeddable":true,"href":"https:\/\/tvtecjundiai.com.br\/news\/wp-json\/wp\/v2\/media\/84948"}],"wp:attachment":[{"href":"https:\/\/tvtecjundiai.com.br\/news\/wp-json\/wp\/v2\/media?parent=84947"}],"wp:term":[{"taxonomy":"category","embeddable":true,"href":"https:\/\/tvtecjundiai.com.br\/news\/wp-json\/wp\/v2\/categories?post=84947"},{"taxonomy":"post_tag","embeddable":true,"href":"https:\/\/tvtecjundiai.com.br\/news\/wp-json\/wp\/v2\/tags?post=84947"}],"curies":[{"name":"wp","href":"https:\/\/api.w.org\/{rel}","templated":true}]}}