{"id":85042,"date":"2021-11-18T13:20:12","date_gmt":"2021-11-18T16:20:12","guid":{"rendered":"https:\/\/tvtecjundiai.com.br\/news\/?p=85042"},"modified":"2021-11-18T13:20:12","modified_gmt":"2021-11-18T16:20:12","slug":"exposicao-na-galeria-de-arte-aborda-tradicao-e-modernidade-da-influencia-japonesa","status":"publish","type":"post","link":"https:\/\/tvtecjundiai.com.br\/news\/2021\/11\/18\/exposicao-na-galeria-de-arte-aborda-tradicao-e-modernidade-da-influencia-japonesa\/","title":{"rendered":"Exposi\u00e7\u00e3o na Galeria de Arte aborda tradi\u00e7\u00e3o e modernidade da influ\u00eancia japonesa"},"content":{"rendered":"\n<p>Quem visitar a Galeria de Arte Fernanda Perracini Milani at\u00e9 o dia 4 de dezembro pode fazer uma verdadeira viagem pela tradi\u00e7\u00e3o japonesa e de seu encontro com a modernidade e demais culturas. Desenvolvida pela M\u00fcller Cultural, do Grupo Fam\u00edlia M\u00fcller, a exposi\u00e7\u00e3o fotogr\u00e1fica \u201cArigat\u00f4 Obrigad\u00f4 Brasil &#8211; uma jornada entre tradi\u00e7\u00e3o e modernidade\u201d representa a intensa jornada das tradi\u00e7\u00f5es e da cultura japonesa que atravessaram o continente, resistiram ao tempo e continuam atraindo as novas gera\u00e7\u00f5es.<\/p>\n\n\n\n<p>Al\u00e9m de contemplar fotos e textos de Luciana Pupo Ferreira Muller, o visitante tamb\u00e9m recebe gratuitamente um livro, que se acrescenta a uma experi\u00eancia de realidade aumentada, por meio do aplicativo Muller Cultural, tamb\u00e9m dispon\u00edvel para download gratuito no Google Play e Apple Store.<\/p>\n\n\n\n<div class=\"wp-block-image\"><figure class=\"aligncenter size-large is-resized\"><img loading=\"lazy\" decoding=\"async\" src=\"https:\/\/tvtecjundiai.com.br\/news\/wp-content\/uploads\/sites\/2\/2021\/11\/exposicao-arigato-obrigado-brasil_galeria-de-arte-53-1200x800.jpg\" alt=\"\" class=\"wp-image-85043\" width=\"714\" height=\"476\" srcset=\"https:\/\/tvtecjundiai.com.br\/news\/wp-content\/uploads\/sites\/2\/2021\/11\/exposicao-arigato-obrigado-brasil_galeria-de-arte-53-1200x800.jpg 1200w, https:\/\/tvtecjundiai.com.br\/news\/wp-content\/uploads\/sites\/2\/2021\/11\/exposicao-arigato-obrigado-brasil_galeria-de-arte-53-300x200.jpg 300w, https:\/\/tvtecjundiai.com.br\/news\/wp-content\/uploads\/sites\/2\/2021\/11\/exposicao-arigato-obrigado-brasil_galeria-de-arte-53-768x512.jpg 768w, https:\/\/tvtecjundiai.com.br\/news\/wp-content\/uploads\/sites\/2\/2021\/11\/exposicao-arigato-obrigado-brasil_galeria-de-arte-53.jpg 1280w\" sizes=\"auto, (max-width: 714px) 100vw, 714px\" \/><figcaption>Exposi\u00e7\u00e3o segue na Galeria de Arte at\u00e9 o dia 4 de dezembro<\/figcaption><\/figure><\/div>\n\n\n\n<p>Aprovado pelo Programa de A\u00e7\u00e3o Cultural (ProAC) do governo do Estado de S\u00e3o Paulo, com patroc\u00ednio da OMRON e chega a Jundia\u00ed com apoio da Unidade de Gest\u00e3o de Cultura (UGC).<\/p>\n\n\n\n<p>A Galeria est\u00e1 localizada na rua Bar\u00e3o de Jundia\u00ed, 176 &#8211; Centro (anexa ao Teatro Polytheama). O local fica aberto de ter\u00e7a a sexta-feira, das 9h \u00e0s 12h e das 13h \u00e0s 17h; e aos s\u00e1bados, das 9h \u00e0s 13h, com entrada gratuita. Mais informa\u00e7\u00f5es podem ser obtidas pelo telefone (11) 4568-2472.<\/p>\n","protected":false},"excerpt":{"rendered":"<p>Viagem pela tradi\u00e7\u00e3o japonesa fica dispon\u00edvel em Jundia\u00ed at\u00e9 4 de dezembro.<\/p>\n","protected":false},"author":25,"featured_media":85043,"comment_status":"closed","ping_status":"closed","sticky":false,"template":"","format":"standard","meta":{"footnotes":""},"categories":[2833,8356,1],"tags":[],"class_list":["post-85042","post","type-post","status-publish","format-standard","has-post-thumbnail","hentry","category-cultura","category-jundiai","category-noticias"],"_links":{"self":[{"href":"https:\/\/tvtecjundiai.com.br\/news\/wp-json\/wp\/v2\/posts\/85042","targetHints":{"allow":["GET"]}}],"collection":[{"href":"https:\/\/tvtecjundiai.com.br\/news\/wp-json\/wp\/v2\/posts"}],"about":[{"href":"https:\/\/tvtecjundiai.com.br\/news\/wp-json\/wp\/v2\/types\/post"}],"author":[{"embeddable":true,"href":"https:\/\/tvtecjundiai.com.br\/news\/wp-json\/wp\/v2\/users\/25"}],"replies":[{"embeddable":true,"href":"https:\/\/tvtecjundiai.com.br\/news\/wp-json\/wp\/v2\/comments?post=85042"}],"version-history":[{"count":1,"href":"https:\/\/tvtecjundiai.com.br\/news\/wp-json\/wp\/v2\/posts\/85042\/revisions"}],"predecessor-version":[{"id":85044,"href":"https:\/\/tvtecjundiai.com.br\/news\/wp-json\/wp\/v2\/posts\/85042\/revisions\/85044"}],"wp:featuredmedia":[{"embeddable":true,"href":"https:\/\/tvtecjundiai.com.br\/news\/wp-json\/wp\/v2\/media\/85043"}],"wp:attachment":[{"href":"https:\/\/tvtecjundiai.com.br\/news\/wp-json\/wp\/v2\/media?parent=85042"}],"wp:term":[{"taxonomy":"category","embeddable":true,"href":"https:\/\/tvtecjundiai.com.br\/news\/wp-json\/wp\/v2\/categories?post=85042"},{"taxonomy":"post_tag","embeddable":true,"href":"https:\/\/tvtecjundiai.com.br\/news\/wp-json\/wp\/v2\/tags?post=85042"}],"curies":[{"name":"wp","href":"https:\/\/api.w.org\/{rel}","templated":true}]}}