{"id":85107,"date":"2021-11-19T12:06:54","date_gmt":"2021-11-19T15:06:54","guid":{"rendered":"https:\/\/tvtecjundiai.com.br\/news\/?p=85107"},"modified":"2021-11-19T12:07:05","modified_gmt":"2021-11-19T15:07:05","slug":"com-o-aplicativo-jundiai-agenda-cultural-da-cidade-esta-na-palma-da-sua-mao","status":"publish","type":"post","link":"https:\/\/tvtecjundiai.com.br\/news\/2021\/11\/19\/com-o-aplicativo-jundiai-agenda-cultural-da-cidade-esta-na-palma-da-sua-mao\/","title":{"rendered":"Com o Aplicativo Jundia\u00ed, agenda cultural da cidade est\u00e1 na palma da sua m\u00e3o"},"content":{"rendered":"\n<p>As exposi\u00e7\u00f5es da Pinacoteca e do Museu Hist\u00f3rico e Cultural \u2013 Solar do Bar\u00e3o, os espet\u00e1culos do Teatro Polytheama, as atividades realizadas no Complexo Fepasa e as videotransmiss\u00f5es de atividades culturais nas redes sociais: com o Aplicativo Jundia\u00ed, toda a&nbsp;<a href=\"https:\/\/cultura.jundiai.sp.gov.br\/agenda\/\" target=\"_blank\" rel=\"noreferrer noopener\">agenda cultural dos equipamentos municipais<\/a>&nbsp;fica dispon\u00edvel para consulta gratuita na palma da sua m\u00e3o.<\/p>\n\n\n\n<p>\u201cNeste momento de retomada gradual das atividades presenciais nos equipamentos culturais, \u00e9 importante que os jundiaienses saibam que as informa\u00e7\u00f5es de tudo o que est\u00e1 rolando e possa voltar a ocupar e dar mais vida a esses espa\u00e7os\u201d, comentou o gestor da UGC, Marcelo Peroni.<\/p>\n\n\n\n<figure class=\"wp-block-image\"><img decoding=\"async\" src=\"https:\/\/jundiai.sp.gov.br\/noticias\/wp-content\/uploads\/sites\/32\/2021\/11\/agenda-cultural-129.jpg\" alt=\"\" class=\"wp-image-280726\" \/><figcaption>No Aplicativo, basta o usu\u00e1rio acessar Servi\u00e7os, Educa\u00e7\u00e3o e Cultura, e, na sequ\u00eancia, encontra \u201cAgenda Cultural\u201d como primeiro item<\/figcaption><\/figure>\n\n\n\n<p>Com foco na presta\u00e7\u00e3o de servi\u00e7os \u00e0 popula\u00e7\u00e3o, o Aplicativo Jundia\u00ed foi desenvolvido pela&nbsp;<a href=\"https:\/\/cijun.sp.gov.br\/\" target=\"_blank\" rel=\"noreferrer noopener\">Companhia de Inform\u00e1tica de Jundia\u00ed (CIJUN)<\/a>&nbsp;e possui 136 funcionalidades, com mais de 135 mil downloads.<\/p>\n\n\n\n<p>O diretor-presidente da CIJUN, Amauri Marquezi, explica a proposta do Aplicativo. \u201cAlinhados com a orienta\u00e7\u00e3o do Governo, implantamos diversas solu\u00e7\u00f5es para facilitar a vida dos mun\u00edcipes, entre elas, o desenvolvimento de um aplicativo m\u00f3vel, que trouxe ao jundiaiense mais agilidade na comunica\u00e7\u00e3o com a Prefeitura. Hoje, por exemplo, nosso APP tem dispon\u00edvel 135 servi\u00e7os e o cidad\u00e3o pode conferir o que vai acontecer no munic\u00edpio por meio do seu celular, verificar hor\u00e1rio e itiner\u00e1rio de transporte coletivo, ver a merenda escolar do filho na escola e muitas outras coisas\u201d,<\/p>\n\n\n\n<p>O Aplicativo Jundia\u00ed pode ser baixado gratuitamente nas lojas de aplicativos de celulares \u2013 nas plataformas IOS e Android \u2013 a partir de\u00a0<a rel=\"noreferrer noopener\" href=\"https:\/\/jundiai.sp.gov.br\/aplicativo-prefeitura-de-jundiai\/\" target=\"_blank\">links no site da Prefeitura<\/a>.<\/p>\n\n\n\n<p><strong><em>(Fonte\/Imagem: Prefeitura de Jundia\u00ed)<\/em><\/strong><\/p>\n","protected":false},"excerpt":{"rendered":"<p>O Aplicativo Jundia\u00ed pode ser baixado gratuitamente nas lojas de aplicativos de celulares.<\/p>\n","protected":false},"author":25,"featured_media":85108,"comment_status":"closed","ping_status":"closed","sticky":false,"template":"","format":"standard","meta":{"footnotes":""},"categories":[2833,1],"tags":[],"class_list":["post-85107","post","type-post","status-publish","format-standard","has-post-thumbnail","hentry","category-cultura","category-noticias"],"_links":{"self":[{"href":"https:\/\/tvtecjundiai.com.br\/news\/wp-json\/wp\/v2\/posts\/85107","targetHints":{"allow":["GET"]}}],"collection":[{"href":"https:\/\/tvtecjundiai.com.br\/news\/wp-json\/wp\/v2\/posts"}],"about":[{"href":"https:\/\/tvtecjundiai.com.br\/news\/wp-json\/wp\/v2\/types\/post"}],"author":[{"embeddable":true,"href":"https:\/\/tvtecjundiai.com.br\/news\/wp-json\/wp\/v2\/users\/25"}],"replies":[{"embeddable":true,"href":"https:\/\/tvtecjundiai.com.br\/news\/wp-json\/wp\/v2\/comments?post=85107"}],"version-history":[{"count":1,"href":"https:\/\/tvtecjundiai.com.br\/news\/wp-json\/wp\/v2\/posts\/85107\/revisions"}],"predecessor-version":[{"id":85109,"href":"https:\/\/tvtecjundiai.com.br\/news\/wp-json\/wp\/v2\/posts\/85107\/revisions\/85109"}],"wp:featuredmedia":[{"embeddable":true,"href":"https:\/\/tvtecjundiai.com.br\/news\/wp-json\/wp\/v2\/media\/85108"}],"wp:attachment":[{"href":"https:\/\/tvtecjundiai.com.br\/news\/wp-json\/wp\/v2\/media?parent=85107"}],"wp:term":[{"taxonomy":"category","embeddable":true,"href":"https:\/\/tvtecjundiai.com.br\/news\/wp-json\/wp\/v2\/categories?post=85107"},{"taxonomy":"post_tag","embeddable":true,"href":"https:\/\/tvtecjundiai.com.br\/news\/wp-json\/wp\/v2\/tags?post=85107"}],"curies":[{"name":"wp","href":"https:\/\/api.w.org\/{rel}","templated":true}]}}