{"id":85123,"date":"2021-11-19T15:12:19","date_gmt":"2021-11-19T18:12:19","guid":{"rendered":"https:\/\/tvtecjundiai.com.br\/news\/?p=85123"},"modified":"2021-11-19T15:46:38","modified_gmt":"2021-11-19T18:46:38","slug":"prefeitura-de-jundiai-e-tvtec-abrem-mais-de-170-vagas-para-cursos-gratuitos-a-partir-da-terca-feira-23","status":"publish","type":"post","link":"https:\/\/tvtecjundiai.com.br\/news\/2021\/11\/19\/prefeitura-de-jundiai-e-tvtec-abrem-mais-de-170-vagas-para-cursos-gratuitos-a-partir-da-terca-feira-23\/","title":{"rendered":"Prefeitura de Jundia\u00ed e TVTEC abrem mais de 170 vagas para cursos gratuitos a partir da ter\u00e7a-feira (23)"},"content":{"rendered":"\n<p>A Prefeitura de Jundia\u00ed, em parceria com a TVTEC, abre mais de 170 vagas em cursos presencial, online e gratuitos no m\u00eas de dezembro. As inscri\u00e7\u00f5es acontecem em 3 lotes, nos dias 23 e 30 de novembro e 07 de dezembro. Sempre \u00e0s 10h, pelo <a href=\"https:\/\/tvtecjundiai.com.br\/inscricoes\/\">site da TVTEC<\/a>.<br><\/p>\n\n\n\n<div class=\"wp-block-image\"><figure class=\"aligncenter size-full\"><img loading=\"lazy\" decoding=\"async\" width=\"1200\" height=\"800\" src=\"https:\/\/tvtecjundiai.com.br\/news\/wp-content\/uploads\/sites\/2\/2021\/11\/CANVA_NATAL.jpg\" alt=\"\" class=\"wp-image-85124\" srcset=\"https:\/\/tvtecjundiai.com.br\/news\/wp-content\/uploads\/sites\/2\/2021\/11\/CANVA_NATAL.jpg 1200w, https:\/\/tvtecjundiai.com.br\/news\/wp-content\/uploads\/sites\/2\/2021\/11\/CANVA_NATAL-300x200.jpg 300w, https:\/\/tvtecjundiai.com.br\/news\/wp-content\/uploads\/sites\/2\/2021\/11\/CANVA_NATAL-768x512.jpg 768w\" sizes=\"auto, (max-width: 1200px) 100vw, 1200px\" \/><\/figure><\/div>\n\n\n\n<p>O cat\u00e1logo desses lotes est\u00e1 recheado de novidades e cursos nas \u00e1reas de audiovisual, comunica\u00e7\u00e3o e empreendedorismo.<\/p>\n\n\n\n<p>Confira mais informa\u00e7\u00f5es sobre os cursos: <a><\/a><\/p>\n\n\n\n<p><strong>LOTE 1<\/strong><\/p>\n\n\n\n<p>Inscri\u00e7\u00e3o: 23\/11 \u00e0s 10h<\/p>\n\n\n\n<p>Vagas deste lote: 52<\/p>\n\n\n\n<p><strong>FOTOGRAFIA DE PRODUTO &#8211; EDI\u00c7\u00c3O DE NATAL<\/strong><\/p>\n\n\n\n<p>Professora: Grace Sanches<\/p>\n\n\n\n<p>Dia: 29\/11<\/p>\n\n\n\n<p>Das:19h \u00e0s 22h<\/p>\n\n\n\n<p><strong>(CURSO PRESENCIAL)<\/strong><\/p>\n\n\n\n<p><strong>AUL\u00c3O DE REELS<\/strong><\/p>\n\n\n\n<p>Professores: Anderson Muller e Bruna Panzan<\/p>\n\n\n\n<p>Dia: 01\/12<\/p>\n\n\n\n<p>Das: 19h \u00e0s 22h<\/p>\n\n\n\n<p><strong>APRENDA A CRIAR CART\u00d5ES NATALINOS VIRTUAIS NO CANVA<\/strong><\/p>\n\n\n\n<p>Professora: Fabiana Pincinato<\/p>\n\n\n\n<p>Dia: 02\/12<\/p>\n\n\n\n<p>Das: 9h \u00e0s 12h<\/p>\n\n\n\n<p><strong>LOTE 2<\/strong><\/p>\n\n\n\n<p>Inscri\u00e7\u00e3o: 30\/11 \u00e0s 10h<\/p>\n\n\n\n<p>Vagas deste lote: 80<\/p>\n\n\n\n<p><strong>WHATSAPP BUSINESS<\/strong><\/p>\n\n\n\n<p>Professor: Fabiano Pereira<\/p>\n\n\n\n<p>Dias: 07 e 09\/12<\/p>\n\n\n\n<p>Das: 19h \u00e0s 22h<\/p>\n\n\n\n<p><strong>APRENDA A CRIAR CART\u00d5ES NATALINOS VIRTUAIS NO CANVA<\/strong><\/p>\n\n\n\n<p>Professora: Fabiana Pincinato<\/p>\n\n\n\n<p>Dia: 08\/12<\/p>\n\n\n\n<p>Das: 9h \u00e0s 12h<\/p>\n\n\n\n<p><strong>PLANEJAMENTO PARA M\u00cdDIAS SOCIAIS<\/strong><\/p>\n\n\n\n<p>Professora: Flavia Curado<\/p>\n\n\n\n<p>Dias: 08 e 09\/12<\/p>\n\n\n\n<p>Das: 14h \u00e0s 16h<\/p>\n\n\n\n<p><strong>INTRODU\u00c7\u00c3O \u00c0 CRIA\u00c7\u00c3O E VENDA DE E-BOOKS<\/strong><\/p>\n\n\n\n<p>Professor: Tiago Pinheiro<\/p>\n\n\n\n<p>Dia: 08\/12<\/p>\n\n\n\n<p>Das: 19h \u00e0s 22h<\/p>\n\n\n\n<p><strong>LOTE 3<\/strong><\/p>\n\n\n\n<p>Inscri\u00e7\u00e3o: 07\/12 \u00e0s 10h<\/p>\n\n\n\n<p>Vagas deste lote: 40<\/p>\n\n\n\n<p><strong>GRAM\u00c1TICA AUDIOVISUAL<\/strong><\/p>\n\n\n\n<p>Professor: Willian Brazil<\/p>\n\n\n\n<p>Dia:13\/12<\/p>\n\n\n\n<p>Das: 19h \u00e0s 22h<\/p>\n\n\n\n<p><strong>PRINC\u00cdPIOS DA IMPRESS\u00c3O 3D<\/strong><\/p>\n\n\n\n<p>Professor: Rog\u00e9rio Rizzato<\/p>\n\n\n\n<p>Dia:17\/12<\/p>\n\n\n\n<p>Das: 9h \u00e0s 12h<\/p>\n","protected":false},"excerpt":{"rendered":"<p>O cat\u00e1logo est\u00e1 recheado de novidades e cursos nas \u00e1reas de audiovisual, comunica\u00e7\u00e3o e empreendedorismo.<\/p>\n","protected":false},"author":27,"featured_media":85124,"comment_status":"closed","ping_status":"closed","sticky":false,"template":"","format":"standard","meta":{"footnotes":""},"categories":[2832,8356],"tags":[],"class_list":["post-85123","post","type-post","status-publish","format-standard","has-post-thumbnail","hentry","category-cursos","category-jundiai"],"_links":{"self":[{"href":"https:\/\/tvtecjundiai.com.br\/news\/wp-json\/wp\/v2\/posts\/85123","targetHints":{"allow":["GET"]}}],"collection":[{"href":"https:\/\/tvtecjundiai.com.br\/news\/wp-json\/wp\/v2\/posts"}],"about":[{"href":"https:\/\/tvtecjundiai.com.br\/news\/wp-json\/wp\/v2\/types\/post"}],"author":[{"embeddable":true,"href":"https:\/\/tvtecjundiai.com.br\/news\/wp-json\/wp\/v2\/users\/27"}],"replies":[{"embeddable":true,"href":"https:\/\/tvtecjundiai.com.br\/news\/wp-json\/wp\/v2\/comments?post=85123"}],"version-history":[{"count":2,"href":"https:\/\/tvtecjundiai.com.br\/news\/wp-json\/wp\/v2\/posts\/85123\/revisions"}],"predecessor-version":[{"id":85136,"href":"https:\/\/tvtecjundiai.com.br\/news\/wp-json\/wp\/v2\/posts\/85123\/revisions\/85136"}],"wp:featuredmedia":[{"embeddable":true,"href":"https:\/\/tvtecjundiai.com.br\/news\/wp-json\/wp\/v2\/media\/85124"}],"wp:attachment":[{"href":"https:\/\/tvtecjundiai.com.br\/news\/wp-json\/wp\/v2\/media?parent=85123"}],"wp:term":[{"taxonomy":"category","embeddable":true,"href":"https:\/\/tvtecjundiai.com.br\/news\/wp-json\/wp\/v2\/categories?post=85123"},{"taxonomy":"post_tag","embeddable":true,"href":"https:\/\/tvtecjundiai.com.br\/news\/wp-json\/wp\/v2\/tags?post=85123"}],"curies":[{"name":"wp","href":"https:\/\/api.w.org\/{rel}","templated":true}]}}