{"id":85182,"date":"2021-11-22T10:31:09","date_gmt":"2021-11-22T13:31:09","guid":{"rendered":"https:\/\/tvtecjundiai.com.br\/news\/?p=85182"},"modified":"2021-11-22T16:04:08","modified_gmt":"2021-11-22T19:04:08","slug":"inscricoes-dos-editais-culturamais-e-cultura-negra-vao-ate-esta-sexta-26-1","status":"publish","type":"post","link":"https:\/\/tvtecjundiai.com.br\/news\/2021\/11\/22\/inscricoes-dos-editais-culturamais-e-cultura-negra-vao-ate-esta-sexta-26-1\/","title":{"rendered":"Inscri\u00e7\u00f5es para os editais CulturaMais e Cultura Negra v\u00e3o at\u00e9 esta sexta (26)"},"content":{"rendered":"\n<p>Artistas e demais profissionais de Cultura t\u00eam at\u00e9 esta sexta-feira (26) para se inscrever nos editais emergenciais Cultura Negra e CulturaMais, lan\u00e7ados pela Unidade de Gest\u00e3o de Cultura (UGC). No total, est\u00e3o previstos quase R$ 285 mil em investimentos, para a sele\u00e7\u00e3o de at\u00e9 238 propostas presenciais e digitais, em diferentes modalidades e linguagens art\u00edsticas.<\/p>\n\n\n\n<p>\u201cDurante a pandemia, entre editais pela Lei Aldir Blanc e propostas da UGC, como o \u2018\u00d3 l\u00e1 de casa!\u2019, \u2018Vitra\u2019, os novos \u2018CulturaMais\u2019 e \u2018Cultura Negra\u2019 e em festivais como o Festeju, a UGC investiu mais de R$ 3 milh\u00f5es, contemplando mais de 1.500 projetos e envolvendo 2.500 artistas e outros profissionais de Cultura e Economia Criativa\u201d, explica o gestor da UGC, Marcelo Peroni.<\/p>\n\n\n\n<div class=\"wp-block-image\"><figure class=\"aligncenter size-large is-resized\"><img loading=\"lazy\" decoding=\"async\" src=\"https:\/\/tvtecjundiai.com.br\/news\/wp-content\/uploads\/sites\/2\/2021\/11\/musica-e-historias_musica-regional_teatro-polytheama-224-1200x800.jpg\" alt=\"\" class=\"wp-image-85184\" width=\"801\" height=\"534\" srcset=\"https:\/\/tvtecjundiai.com.br\/news\/wp-content\/uploads\/sites\/2\/2021\/11\/musica-e-historias_musica-regional_teatro-polytheama-224-1200x800.jpg 1200w, https:\/\/tvtecjundiai.com.br\/news\/wp-content\/uploads\/sites\/2\/2021\/11\/musica-e-historias_musica-regional_teatro-polytheama-224-300x200.jpg 300w, https:\/\/tvtecjundiai.com.br\/news\/wp-content\/uploads\/sites\/2\/2021\/11\/musica-e-historias_musica-regional_teatro-polytheama-224-768x512.jpg 768w, https:\/\/tvtecjundiai.com.br\/news\/wp-content\/uploads\/sites\/2\/2021\/11\/musica-e-historias_musica-regional_teatro-polytheama-224.jpg 1280w\" sizes=\"auto, (max-width: 801px) 100vw, 801px\" \/><figcaption>Ser\u00e3o selecionadas at\u00e9 238 propostas, entre atividades presenciais e conte\u00fados em v\u00eddeo<\/figcaption><\/figure><\/div>\n\n\n\n<p>Pelo edital Cultura Negra, ser\u00e3o investidos R$ 40,8 mil para a sele\u00e7\u00e3o de at\u00e9 34 propostas, em modalidades como Audiovisual, Culturas Populares, Dan\u00e7a, Literatura, Teatro, M\u00fasica e Propostas Formativas. As propostas podem ser de performances presenciais ou em v\u00eddeos e as que forem selecionadas ir\u00e3o compor a programa\u00e7\u00e3o alusiva \u00e0 Semana Municipal da Consci\u00eancia Negra e ao Dia da Consci\u00eancia Negra, mas que ser\u00e3o, por conta da pandemia, excepcionalmente comemorados a partir do in\u00edcio do ano que vem.<\/p>\n\n\n\n<p>J\u00e1 pelo novo programa CulturaMais, est\u00e3o previstos mais de R$ 244 mil em investimentos, para a contrata\u00e7\u00e3o de at\u00e9 204 propostas, nas modalidades: Audiovisual, Culturas Populares, Dan\u00e7a, Literatura, Teatro, M\u00fasica, Circo e Propostas para o p\u00fablico Infantil. As propostas selecionadas tamb\u00e9m ser\u00e3o apresentadas entre janeiro e abril do ano que vem, de modo presencial, nos equipamentos da UGC, ou de forma virtual, nos canais do Cultura Jundia\u00ed no Facebook e YouTube.<\/p>\n\n\n\n<p>As&nbsp;inscri\u00e7\u00f5es para os editais devem ser realizadas pelo site da&nbsp;Cultura, onde tamb\u00e9m se encontram os documentos necess\u00e1rios. Mais informa\u00e7\u00f5es pelos e-mails&nbsp;<a rel=\"noreferrer noopener\" href=\"mailto:consciencianegra@jundiai.sp.gov.br\" target=\"_blank\">consciencianegra@jundiai.sp.gov.br<\/a>&nbsp;e&nbsp;<a href=\"mailto:culturamais@jundiai.sp.gov.br\">culturamais@jundiai.sp.gov.br<\/a>&nbsp;ou pelo telefone (11) 4585-9750.<\/p>\n\n\n\n<p><strong><em>(Fonte\/Imagem: Prefeitura de Jundia\u00ed)<\/em><\/strong><\/p>\n","protected":false},"excerpt":{"rendered":"<p>Est\u00e3o previstos quase R$ 285 mil em investimentos para at\u00e9 238 propostas presenciais e digitais.<\/p>\n","protected":false},"author":25,"featured_media":85184,"comment_status":"closed","ping_status":"closed","sticky":false,"template":"","format":"standard","meta":{"footnotes":""},"categories":[2833,8356,1],"tags":[],"class_list":["post-85182","post","type-post","status-publish","format-standard","has-post-thumbnail","hentry","category-cultura","category-jundiai","category-noticias"],"_links":{"self":[{"href":"https:\/\/tvtecjundiai.com.br\/news\/wp-json\/wp\/v2\/posts\/85182","targetHints":{"allow":["GET"]}}],"collection":[{"href":"https:\/\/tvtecjundiai.com.br\/news\/wp-json\/wp\/v2\/posts"}],"about":[{"href":"https:\/\/tvtecjundiai.com.br\/news\/wp-json\/wp\/v2\/types\/post"}],"author":[{"embeddable":true,"href":"https:\/\/tvtecjundiai.com.br\/news\/wp-json\/wp\/v2\/users\/25"}],"replies":[{"embeddable":true,"href":"https:\/\/tvtecjundiai.com.br\/news\/wp-json\/wp\/v2\/comments?post=85182"}],"version-history":[{"count":3,"href":"https:\/\/tvtecjundiai.com.br\/news\/wp-json\/wp\/v2\/posts\/85182\/revisions"}],"predecessor-version":[{"id":85209,"href":"https:\/\/tvtecjundiai.com.br\/news\/wp-json\/wp\/v2\/posts\/85182\/revisions\/85209"}],"wp:featuredmedia":[{"embeddable":true,"href":"https:\/\/tvtecjundiai.com.br\/news\/wp-json\/wp\/v2\/media\/85184"}],"wp:attachment":[{"href":"https:\/\/tvtecjundiai.com.br\/news\/wp-json\/wp\/v2\/media?parent=85182"}],"wp:term":[{"taxonomy":"category","embeddable":true,"href":"https:\/\/tvtecjundiai.com.br\/news\/wp-json\/wp\/v2\/categories?post=85182"},{"taxonomy":"post_tag","embeddable":true,"href":"https:\/\/tvtecjundiai.com.br\/news\/wp-json\/wp\/v2\/tags?post=85182"}],"curies":[{"name":"wp","href":"https:\/\/api.w.org\/{rel}","templated":true}]}}