{"id":85236,"date":"2021-11-23T10:20:25","date_gmt":"2021-11-23T13:20:25","guid":{"rendered":"https:\/\/tvtecjundiai.com.br\/news\/?p=85236"},"modified":"2021-11-23T10:20:36","modified_gmt":"2021-11-23T13:20:36","slug":"plano-municipal-da-primeira-infancia-e-mais-um-compromisso-da-prefeitura-com-as-criancas-de-jundiai","status":"publish","type":"post","link":"https:\/\/tvtecjundiai.com.br\/news\/2021\/11\/23\/plano-municipal-da-primeira-infancia-e-mais-um-compromisso-da-prefeitura-com-as-criancas-de-jundiai\/","title":{"rendered":"Plano Municipal da Primeira Inf\u00e2ncia \u00e9 mais um compromisso da Prefeitura com as crian\u00e7as de Jundia\u00ed"},"content":{"rendered":"\n<p>Elaborado de modo intersetorial, o Plano Municipal da Primeira Inf\u00e2ncia (PMPI) \u00e9 um conjunto de compromissos assumido pela Prefeitura de Jundia\u00ed com as crian\u00e7as do Munic\u00edpio, colocando em pr\u00e1tica projetos e atividades ligadas pelos programa Cidade das Crian\u00e7as, previsto no planejamento de 2022 a 2025.<\/p>\n\n\n\n<p>Composto por 106 a\u00e7\u00f5es, seus indicadores, valores de refer\u00eancia, metas e prazos de execu\u00e7\u00e3o, o PMPI foi elaborado pelo Grupo de Trabalho (GT) Crian\u00e7a na Cidade da Prefeitura, composto por representantes de diversas Unidades de Gest\u00e3o envolvidas na estrutura\u00e7\u00e3o da pol\u00edtica p\u00fablica.<\/p>\n\n\n\n<figure class=\"wp-block-image\"><img decoding=\"async\" src=\"https:\/\/jundiai.sp.gov.br\/noticias\/wp-content\/uploads\/sites\/32\/2021\/11\/dia-das-criancas-no-complexo-fepasa_c_-2.jpg\" alt=\"\" class=\"wp-image-280761\" \/><figcaption>Plano prev\u00ea a execu\u00e7\u00e3o de 106 a\u00e7\u00f5es, distribu\u00eddas entre as Unidades de Gest\u00e3o da Prefeitura envolvidas<\/figcaption><\/figure>\n\n\n\n<p>O trabalho contou com as consultorias de \u00f3rg\u00e3os conceituados para o tema, entre eles a Funda\u00e7\u00e3o holandesa Bernard Van Leer, respons\u00e1vel pela Rede Urban95, uma das redes da qual o Munic\u00edpio \u00e9 signat\u00e1rio. Jundia\u00ed tamb\u00e9m faz parte da Rede Latino-americana Cidade das Crian\u00e7as e possui diversas iniciativas em andamento na atua\u00e7\u00e3o da pol\u00edtica da Inf\u00e2ncia, como o Mundo das Crian\u00e7as, os investimentos do programa Escola Inovadora e melhorias nos \u00edndices de sa\u00fade da popula\u00e7\u00e3o nesta idade.<\/p>\n\n\n\n<p>Assim como os demais temas, a pol\u00edtica para a crian\u00e7a em Jundia\u00ed \u00e9 tratada de modo intersetorial e traz elementos importantes, que s\u00e3o a previs\u00e3o or\u00e7ament\u00e1ria no Plano Plurianual do Munic\u00edpio (PPA) e diretrizes de governan\u00e7a, a fim de garantir a execu\u00e7\u00e3o das a\u00e7\u00f5es previstas. Do ponto de vista socioassistencial, o PMPI visa \u00e0 garantia dos direitos das crian\u00e7as e adolescentes, bem como prote\u00e7\u00e3o contra todas as formas de viol\u00eancias e viola\u00e7\u00f5es. Al\u00e9m da qualifica\u00e7\u00e3o do programa Crian\u00e7a Feliz, que j\u00e1 atende 500 fam\u00edlias do Munic\u00edpio e est\u00e1 em processo de retomada das visitas domiciliares\u201d, explica a gestora da Unidade de Gest\u00e3o de Assist\u00eancia e Desenvolvimento Social (UGADS), uma das integrantes do GT.<\/p>\n\n\n\n<figure class=\"wp-block-image\"><img decoding=\"async\" src=\"https:\/\/jundiai.sp.gov.br\/noticias\/wp-content\/uploads\/sites\/32\/2021\/11\/dia-da-arvore_mundo-das-criancas-121.jpg\" alt=\"\" class=\"wp-image-280762\" \/><figcaption>Diversas iniciativas j\u00e1 atestam o compromisso de Jundia\u00ed com a Inf\u00e2ncia, como o Mundo das Crian\u00e7as<\/figcaption><\/figure>\n\n\n\n<p>O PMPI tem validade de 10 anos e o p\u00fablico-alvo das iniciativas s\u00e3o as crian\u00e7as de zero a seis anos, seus cuidadores, as gestantes e a sociedade como um todo. Uma das metas principais \u00e9 a implanta\u00e7\u00e3o de prontu\u00e1rio integrado da Primeira Inf\u00e2ncia, integrando indicadores e alertas em segmentos como Sa\u00fade, Educa\u00e7\u00e3o e Assist\u00eancia Social.<\/p>\n\n\n\n<p>O texto do PMPI foi apresentado na \u00faltima sexta-feira (12) ao Conselho Municipal dos Direitos da Crian\u00e7a e do Adolescente (CMDCA), que aprovou o conte\u00fado por unanimidade. O Plano passa por revis\u00e3o final e ser\u00e1 oficialmente entregue pela Prefeitura durante as comemora\u00e7\u00f5es pelos 365 de Jundia\u00ed.<\/p>\n\n\n\n<p><strong><em>(Fonte\/Imagem: Prefeitura de Jundia\u00ed)<\/em><\/strong><\/p>\n","protected":false},"excerpt":{"rendered":"<p>Plano prev\u00ea a execu\u00e7\u00e3o de 106 a\u00e7\u00f5es, distribu\u00eddas entre as Unidades de Gest\u00e3o da Prefeitura envolvidas.<\/p>\n","protected":false},"author":25,"featured_media":85237,"comment_status":"closed","ping_status":"closed","sticky":false,"template":"","format":"standard","meta":{"footnotes":""},"categories":[2828,1],"tags":[],"class_list":["post-85236","post","type-post","status-publish","format-standard","has-post-thumbnail","hentry","category-educacao","category-noticias"],"_links":{"self":[{"href":"https:\/\/tvtecjundiai.com.br\/news\/wp-json\/wp\/v2\/posts\/85236","targetHints":{"allow":["GET"]}}],"collection":[{"href":"https:\/\/tvtecjundiai.com.br\/news\/wp-json\/wp\/v2\/posts"}],"about":[{"href":"https:\/\/tvtecjundiai.com.br\/news\/wp-json\/wp\/v2\/types\/post"}],"author":[{"embeddable":true,"href":"https:\/\/tvtecjundiai.com.br\/news\/wp-json\/wp\/v2\/users\/25"}],"replies":[{"embeddable":true,"href":"https:\/\/tvtecjundiai.com.br\/news\/wp-json\/wp\/v2\/comments?post=85236"}],"version-history":[{"count":1,"href":"https:\/\/tvtecjundiai.com.br\/news\/wp-json\/wp\/v2\/posts\/85236\/revisions"}],"predecessor-version":[{"id":85238,"href":"https:\/\/tvtecjundiai.com.br\/news\/wp-json\/wp\/v2\/posts\/85236\/revisions\/85238"}],"wp:featuredmedia":[{"embeddable":true,"href":"https:\/\/tvtecjundiai.com.br\/news\/wp-json\/wp\/v2\/media\/85237"}],"wp:attachment":[{"href":"https:\/\/tvtecjundiai.com.br\/news\/wp-json\/wp\/v2\/media?parent=85236"}],"wp:term":[{"taxonomy":"category","embeddable":true,"href":"https:\/\/tvtecjundiai.com.br\/news\/wp-json\/wp\/v2\/categories?post=85236"},{"taxonomy":"post_tag","embeddable":true,"href":"https:\/\/tvtecjundiai.com.br\/news\/wp-json\/wp\/v2\/tags?post=85236"}],"curies":[{"name":"wp","href":"https:\/\/api.w.org\/{rel}","templated":true}]}}