{"id":85248,"date":"2021-11-23T14:01:08","date_gmt":"2021-11-23T17:01:08","guid":{"rendered":"https:\/\/tvtecjundiai.com.br\/news\/?p=85248"},"modified":"2021-11-23T14:01:08","modified_gmt":"2021-11-23T17:01:08","slug":"caravana-iluminada-da-coca-cola-passa-por-jundiai-nesta-quarta-feira-24","status":"publish","type":"post","link":"https:\/\/tvtecjundiai.com.br\/news\/2021\/11\/23\/caravana-iluminada-da-coca-cola-passa-por-jundiai-nesta-quarta-feira-24\/","title":{"rendered":"Caravana Iluminada da Coca-Cola passa por Jundia\u00ed nesta quarta-feira (24)"},"content":{"rendered":"\n<p>A Coca-Cola FEMSA Brasil, maior engarrafadora de produtos Coca-Cola no mundo em volume de vendas, vai levar a sua tradicional Caravana Iluminada de Natal para as ruas e avenidas de Jundia\u00ed nesta quarta-feira (24). Em parceria com a Coca-Cola Brasil, o \u2018Natal A Magia Acontece\u2019 vai resgatar a tradi\u00e7\u00e3o natalina e refor\u00e7ar o que realmente importa nas rela\u00e7\u00f5es humanas.<\/p>\n\n\n\n<p>\u201cO avan\u00e7o da vacina\u00e7\u00e3o tem renovado nossas esperan\u00e7as e despertado para o verdadeiro sentido das celebra\u00e7\u00f5es natalinas. \u00c9 neste cen\u00e1rio desafiador que idealizamos uma celebra\u00e7\u00e3o que resgata o verdadeiro sentido do Natal, conecta todos na nossa miss\u00e3o de gerar bem-estar social e potencializa a magia de Coca-Cola em todas as mesas dos lares em que estamos presentes\u201d, afirma Luciano S\u00e1, Gerente Experience &amp; Prestige Accounts.<\/p>\n\n\n\n<p>Para quem estava com saudades, Papai e Mam\u00e3e Noel est\u00e3o de volta, j\u00e1 vacinados, em uma ceia cheia de amor e comidas do dia a dia, representando a uni\u00e3o familiar.<\/p>\n\n\n\n<div class=\"wp-block-image\"><figure class=\"aligncenter size-full\"><img loading=\"lazy\" decoding=\"async\" width=\"1200\" height=\"800\" src=\"https:\/\/tvtecjundiai.com.br\/news\/wp-content\/uploads\/sites\/2\/2021\/11\/Caravana-de-Natal-Coca-Cola-FEMSA-Brasil.jpeg\" alt=\"\" class=\"wp-image-85249\" srcset=\"https:\/\/tvtecjundiai.com.br\/news\/wp-content\/uploads\/sites\/2\/2021\/11\/Caravana-de-Natal-Coca-Cola-FEMSA-Brasil.jpeg 1200w, https:\/\/tvtecjundiai.com.br\/news\/wp-content\/uploads\/sites\/2\/2021\/11\/Caravana-de-Natal-Coca-Cola-FEMSA-Brasil-300x200.jpeg 300w, https:\/\/tvtecjundiai.com.br\/news\/wp-content\/uploads\/sites\/2\/2021\/11\/Caravana-de-Natal-Coca-Cola-FEMSA-Brasil-768x512.jpeg 768w\" sizes=\"auto, (max-width: 1200px) 100vw, 1200px\" \/><\/figure><\/div>\n\n\n\n<p>A novidade tecnol\u00f3gica est\u00e1 nas telas gigantes nos caminh\u00f5es, que unificadas formam 180 graus, e trazem imagens super-realistas como do l\u00edquido da Coca-Cola transbordando na ca\u00e7amba enquanto o ve\u00edculo se movimenta.<\/p>\n\n\n\n<p>E destacando o pilar de sustentabilidade, a caravana transportar\u00e1 um lindo jardim vertical com plantas naturais, entre elas diversas esp\u00e9cies de samambaias e peper\u00f4mia, que foram plantadas em 500 garrafas pet de 2 litros. J\u00e1 a ilumina\u00e7\u00e3o fica por conta de 2 mil pontos de microl\u00e2mpadas de led.<\/p>\n\n\n\n<p>Liderando todo o trajeto, duas mulheres motoristas conduzem as caravanas personalizando a presen\u00e7a feminina na companhia. Elas estar\u00e3o na boleia dos caminh\u00f5es Actros, da marca Mercedes-Benz reconhecido por utilizar as mais avan\u00e7adas tecnologias digitais e ter sistema de seguran\u00e7a conectados, que levar\u00e3o a magia do Natal at\u00e9 o p\u00fablico das cidades.<\/p>\n\n\n\n<p>\u201cA presen\u00e7a dos caminh\u00f5es Novo Actros na Caravana de Natal da Coca-Cola tem tudo a ver com a estrat\u00e9gia ESG da nossa Empresa, que se apoia nos pilares Meio Ambiente, Social e Governan\u00e7a, o que sempre guiou a Mercedes-Benz ao longo dos seus 65 anos no Brasil. Assim, estamos indo al\u00e9m do nosso core business de produzir caminh\u00f5es e \u00f4nibus e desenvolver servi\u00e7os\u201d, afirma Roberto Leoncini, vice-presidente de Vendas e Marketing Caminh\u00f5es e \u00d4nibus da Mercedes-Benz do Brasil.<\/p>\n\n\n\n<p><strong><em>(Fonte\/Imagem: PCN Comunica\u00e7\u00e3o)<\/em><\/strong><\/p>\n","protected":false},"excerpt":{"rendered":"<p>Para quem estava com saudades, Papai e Mam\u00e3e Noel est\u00e3o de volta.<\/p>\n","protected":false},"author":25,"featured_media":85249,"comment_status":"closed","ping_status":"closed","sticky":false,"template":"","format":"standard","meta":{"footnotes":""},"categories":[2833,1],"tags":[],"class_list":["post-85248","post","type-post","status-publish","format-standard","has-post-thumbnail","hentry","category-cultura","category-noticias"],"_links":{"self":[{"href":"https:\/\/tvtecjundiai.com.br\/news\/wp-json\/wp\/v2\/posts\/85248","targetHints":{"allow":["GET"]}}],"collection":[{"href":"https:\/\/tvtecjundiai.com.br\/news\/wp-json\/wp\/v2\/posts"}],"about":[{"href":"https:\/\/tvtecjundiai.com.br\/news\/wp-json\/wp\/v2\/types\/post"}],"author":[{"embeddable":true,"href":"https:\/\/tvtecjundiai.com.br\/news\/wp-json\/wp\/v2\/users\/25"}],"replies":[{"embeddable":true,"href":"https:\/\/tvtecjundiai.com.br\/news\/wp-json\/wp\/v2\/comments?post=85248"}],"version-history":[{"count":1,"href":"https:\/\/tvtecjundiai.com.br\/news\/wp-json\/wp\/v2\/posts\/85248\/revisions"}],"predecessor-version":[{"id":85250,"href":"https:\/\/tvtecjundiai.com.br\/news\/wp-json\/wp\/v2\/posts\/85248\/revisions\/85250"}],"wp:featuredmedia":[{"embeddable":true,"href":"https:\/\/tvtecjundiai.com.br\/news\/wp-json\/wp\/v2\/media\/85249"}],"wp:attachment":[{"href":"https:\/\/tvtecjundiai.com.br\/news\/wp-json\/wp\/v2\/media?parent=85248"}],"wp:term":[{"taxonomy":"category","embeddable":true,"href":"https:\/\/tvtecjundiai.com.br\/news\/wp-json\/wp\/v2\/categories?post=85248"},{"taxonomy":"post_tag","embeddable":true,"href":"https:\/\/tvtecjundiai.com.br\/news\/wp-json\/wp\/v2\/tags?post=85248"}],"curies":[{"name":"wp","href":"https:\/\/api.w.org\/{rel}","templated":true}]}}