{"id":85258,"date":"2021-11-23T15:20:16","date_gmt":"2021-11-23T18:20:16","guid":{"rendered":"https:\/\/tvtecjundiai.com.br\/news\/?p=85258"},"modified":"2021-11-23T15:20:25","modified_gmt":"2021-11-23T18:20:25","slug":"5a-zumbiteca-apresenta-mostra-afro-em-homenagem-ao-jundiaiense-lucas-menohgrafia","status":"publish","type":"post","link":"https:\/\/tvtecjundiai.com.br\/news\/2021\/11\/23\/5a-zumbiteca-apresenta-mostra-afro-em-homenagem-ao-jundiaiense-lucas-menohgrafia\/","title":{"rendered":"5\u00aa ZumbiTECA apresenta Mostra Afro em homenagem ao jundiaiense Lucas Men\u00f3hgrafia"},"content":{"rendered":"\n<p>Para celebrar o M\u00eas da Consci\u00eancia Negra, a Biblioteca Municipal Professor Nelson Foot (BNF) promove a 5\u00aa ZumbiTECA com o tema \u201cLucas Men\u00f3hgrafia e a escrita\u201d, que neste ano traz a Mostra Afro em homenagem ao jundiaiense. A cerim\u00f4nia de abertura ser\u00e1 na segunda-feira, 29 de novembro, \u00e0s 19h30, no audit\u00f3rio da Biblioteca, no Complexo Argos.&nbsp;<\/p>\n\n\n\n<p>Lucas Men\u00f3hgrafia \u00e9 escritor, poeta slammer (batalha de poesia), que teve seu livro p\u00f3stumo intitulado \u201cUm dia o poeta morre, mas a poesia vive\u201d, lan\u00e7ado em 2021. \u201cO objetivo \u00e9 homenagear o artista jundiaiense, celebrar o m\u00eas da Consci\u00eancia Negra, visibilizar a cultura perif\u00e9rica e trazer \u00e0 cena um di\u00e1logo entre os movimentos que encontram na po\u00e9tica da palavra sua forma de interlocu\u00e7\u00e3o\u201d, explica a diretora do Departamento de Fomento \u00e0 Literatura, C\u00edcera Escoura.&nbsp;<\/p>\n\n\n\n<div class=\"wp-block-image\"><figure class=\"aligncenter\"><img decoding=\"async\" src=\"https:\/\/jundiai.sp.gov.br\/noticias\/wp-content\/uploads\/sites\/32\/2021\/11\/lucas-menohgrafia_zumbiteca.jpeg\" alt=\"Homem negro, com cabelo com dreads, est\u00e1 com camiseta preta com listras brancas. Ele est\u00e1 alegre e segurando um microfone.\" class=\"wp-image-280970\" \/><figcaption>O artista jundiaiense \u00e9 o homenageado da ZumbiTECA<\/figcaption><\/figure><\/div>\n\n\n\n<p>A mostra poder\u00e1 ser visitada at\u00e9 o dia 11 de dezembro, na \u00c1rea de Exposi\u00e7\u00f5es da BNF. No dia 11 de dezembro (s\u00e1bado), das 9h \u00e0s 13h, no estacionamento da Argos e na Biblioteca, ser\u00e1 promovido o encerramento da ZumbiTECA, com o SARAU, com a demonstra\u00e7\u00e3o de uma \u2018Batalha de Rimas\u2019 e apresenta\u00e7\u00e3o de movimentos culturais com a presen\u00e7a de slammers, DJs, hip hop, grafite e apoio ao movimento skatista.&nbsp;<\/p>\n\n\n\n<p>A ZumbiTECA recebeu o reconhecimento internacional pela Associa\u00e7\u00e3o Mulheres pela Paz \u2013 Frauen f\u00fcr Frieden e V., Augsburg, Alemanha e o Universal Circle of Ambassador of Peace da Fran\u00e7a e Su\u00ed\u00e7a, que certificou a Biblioteca pelos servi\u00e7os de inclus\u00e3o promovidos pelo projeto.\u00a0<\/p>\n\n\n\n<p><em><strong>(Fonte: Prefeitura de Jundia\u00ed\/Imagem: Divulga\u00e7\u00e3o)<\/strong><\/em><\/p>\n","protected":false},"excerpt":{"rendered":"<p>A cerim\u00f4nia de abertura ser\u00e1 na segunda-feira (29), \u00e0s 19h30, no audit\u00f3rio da Biblioteca, no Complexo Argos.\u00a0<\/p>\n","protected":false},"author":25,"featured_media":85261,"comment_status":"closed","ping_status":"closed","sticky":false,"template":"","format":"standard","meta":{"footnotes":""},"categories":[2833,1],"tags":[],"class_list":["post-85258","post","type-post","status-publish","format-standard","has-post-thumbnail","hentry","category-cultura","category-noticias"],"_links":{"self":[{"href":"https:\/\/tvtecjundiai.com.br\/news\/wp-json\/wp\/v2\/posts\/85258","targetHints":{"allow":["GET"]}}],"collection":[{"href":"https:\/\/tvtecjundiai.com.br\/news\/wp-json\/wp\/v2\/posts"}],"about":[{"href":"https:\/\/tvtecjundiai.com.br\/news\/wp-json\/wp\/v2\/types\/post"}],"author":[{"embeddable":true,"href":"https:\/\/tvtecjundiai.com.br\/news\/wp-json\/wp\/v2\/users\/25"}],"replies":[{"embeddable":true,"href":"https:\/\/tvtecjundiai.com.br\/news\/wp-json\/wp\/v2\/comments?post=85258"}],"version-history":[{"count":1,"href":"https:\/\/tvtecjundiai.com.br\/news\/wp-json\/wp\/v2\/posts\/85258\/revisions"}],"predecessor-version":[{"id":85262,"href":"https:\/\/tvtecjundiai.com.br\/news\/wp-json\/wp\/v2\/posts\/85258\/revisions\/85262"}],"wp:featuredmedia":[{"embeddable":true,"href":"https:\/\/tvtecjundiai.com.br\/news\/wp-json\/wp\/v2\/media\/85261"}],"wp:attachment":[{"href":"https:\/\/tvtecjundiai.com.br\/news\/wp-json\/wp\/v2\/media?parent=85258"}],"wp:term":[{"taxonomy":"category","embeddable":true,"href":"https:\/\/tvtecjundiai.com.br\/news\/wp-json\/wp\/v2\/categories?post=85258"},{"taxonomy":"post_tag","embeddable":true,"href":"https:\/\/tvtecjundiai.com.br\/news\/wp-json\/wp\/v2\/tags?post=85258"}],"curies":[{"name":"wp","href":"https:\/\/api.w.org\/{rel}","templated":true}]}}