{"id":85341,"date":"2021-11-25T09:06:16","date_gmt":"2021-11-25T12:06:16","guid":{"rendered":"https:\/\/tvtecjundiai.com.br\/news\/?p=85341"},"modified":"2021-11-25T11:53:31","modified_gmt":"2021-11-25T14:53:31","slug":"novos-membros-da-comissao-tecnica-permanente-de-queimadas-fazem-primeira-reuniao","status":"publish","type":"post","link":"https:\/\/tvtecjundiai.com.br\/news\/2021\/11\/25\/novos-membros-da-comissao-tecnica-permanente-de-queimadas-fazem-primeira-reuniao\/","title":{"rendered":"Novos membros da Comiss\u00e3o T\u00e9cnica Permanente de Queimadas fazem primeira reuni\u00e3o"},"content":{"rendered":"\n<p>Os novos membros que comp\u00f5em a Comiss\u00e3o T\u00e9cnica Permanente de Queimadas de Jundia\u00ed realizaram sua primeira reuni\u00e3o na manh\u00e3 desta quarta-feira (24), no audit\u00f3rio do Pa\u00e7o Municipal. A comiss\u00e3o, entre titulares e suplentes, possui 14 membros e tem como foco a defesa do meio ambiente e o apoio \u00e0s promo\u00e7\u00f5es de a\u00e7\u00f5es contra queimadas. Seu mandato \u00e9 de tr\u00eas anos.<\/p>\n\n\n\n<figure class=\"wp-block-image size-large\"><img loading=\"lazy\" decoding=\"async\" width=\"1200\" height=\"800\" src=\"https:\/\/tvtecjundiai.com.br\/news\/wp-content\/uploads\/sites\/2\/2021\/11\/palestra-prevencao-de-incendios-defesa-civil_c_-12-1200x800.jpg\" alt=\"\" class=\"wp-image-85343\" srcset=\"https:\/\/tvtecjundiai.com.br\/news\/wp-content\/uploads\/sites\/2\/2021\/11\/palestra-prevencao-de-incendios-defesa-civil_c_-12-1200x800.jpg 1200w, https:\/\/tvtecjundiai.com.br\/news\/wp-content\/uploads\/sites\/2\/2021\/11\/palestra-prevencao-de-incendios-defesa-civil_c_-12-300x200.jpg 300w, https:\/\/tvtecjundiai.com.br\/news\/wp-content\/uploads\/sites\/2\/2021\/11\/palestra-prevencao-de-incendios-defesa-civil_c_-12-768x512.jpg 768w, https:\/\/tvtecjundiai.com.br\/news\/wp-content\/uploads\/sites\/2\/2021\/11\/palestra-prevencao-de-incendios-defesa-civil_c_-12.jpg 1280w\" sizes=\"auto, (max-width: 1200px) 100vw, 1200px\" \/><\/figure>\n\n\n\n<p>\u201cEssa comiss\u00e3o tem perfil t\u00e9cnico, com um trabalho concreto e o envolvimento de especialistas que buscam preservar \u00e1reas verdes de nossa cidade\u201d, observa o gestor da Casa Civil, Gustavo Maryssael. \u201cA prote\u00e7\u00e3o de \u00e1reas verdes e o combate \u00e0 crise clim\u00e1tica est\u00e3o na ordem do dia, como vimos recentemente na na 26\u00aa Confer\u00eancia das Na\u00e7\u00f5es Unidas Sobre o Clima (COP 26), em Glasgow. E Jundia\u00ed tem feito sua parte, valorizando a sustentabilidade, com investimentos em arboriza\u00e7\u00e3o e a prote\u00e7\u00e3o da Serra do Japi. Tamb\u00e9m estamos trabalhando para atingir os ODSs (Objetivos de Desenvolvimento Sustent\u00e1vel), da Agenda 2030 da ONU.\u201d<\/p>\n\n\n\n<p>O assessor especial da Defesa Civil de Jundia\u00ed, coronel Jo\u00e3o Os\u00f3rio Gimenez, \u00e9 um dos membros da comiss\u00e3o e esteve na primeira reuni\u00e3o. \u201cNesse primeiro encontro, explicamos para cada um dos membros como ser\u00e1 nosso trabalho daqui para frente, no que diz respeito a quest\u00f5es como a avalia\u00e7\u00e3o sistem\u00e1tica e rotineira da situa\u00e7\u00e3o das queimadas no munic\u00edpio, a\u00e7\u00f5es de preven\u00e7\u00e3o, processos de autua\u00e7\u00e3o, campanhas educativas, entre outras\u201d, declarou.<\/p>\n\n\n\n<p><strong><em>(Fonte\/Imagem: Prefeitura de Jundia\u00ed)<\/em><\/strong>  <\/p>\n","protected":false},"excerpt":{"rendered":"<p>A comiss\u00e3o, entre titulares e suplentes, possui 14 membros e tem como foco a defesa do meio ambiente.<\/p>\n","protected":false},"author":25,"featured_media":85343,"comment_status":"closed","ping_status":"closed","sticky":false,"template":"","format":"standard","meta":{"footnotes":""},"categories":[8356,1],"tags":[],"class_list":["post-85341","post","type-post","status-publish","format-standard","has-post-thumbnail","hentry","category-jundiai","category-noticias"],"_links":{"self":[{"href":"https:\/\/tvtecjundiai.com.br\/news\/wp-json\/wp\/v2\/posts\/85341","targetHints":{"allow":["GET"]}}],"collection":[{"href":"https:\/\/tvtecjundiai.com.br\/news\/wp-json\/wp\/v2\/posts"}],"about":[{"href":"https:\/\/tvtecjundiai.com.br\/news\/wp-json\/wp\/v2\/types\/post"}],"author":[{"embeddable":true,"href":"https:\/\/tvtecjundiai.com.br\/news\/wp-json\/wp\/v2\/users\/25"}],"replies":[{"embeddable":true,"href":"https:\/\/tvtecjundiai.com.br\/news\/wp-json\/wp\/v2\/comments?post=85341"}],"version-history":[{"count":3,"href":"https:\/\/tvtecjundiai.com.br\/news\/wp-json\/wp\/v2\/posts\/85341\/revisions"}],"predecessor-version":[{"id":85377,"href":"https:\/\/tvtecjundiai.com.br\/news\/wp-json\/wp\/v2\/posts\/85341\/revisions\/85377"}],"wp:featuredmedia":[{"embeddable":true,"href":"https:\/\/tvtecjundiai.com.br\/news\/wp-json\/wp\/v2\/media\/85343"}],"wp:attachment":[{"href":"https:\/\/tvtecjundiai.com.br\/news\/wp-json\/wp\/v2\/media?parent=85341"}],"wp:term":[{"taxonomy":"category","embeddable":true,"href":"https:\/\/tvtecjundiai.com.br\/news\/wp-json\/wp\/v2\/categories?post=85341"},{"taxonomy":"post_tag","embeddable":true,"href":"https:\/\/tvtecjundiai.com.br\/news\/wp-json\/wp\/v2\/tags?post=85341"}],"curies":[{"name":"wp","href":"https:\/\/api.w.org\/{rel}","templated":true}]}}