{"id":85346,"date":"2021-11-25T09:16:13","date_gmt":"2021-11-25T12:16:13","guid":{"rendered":"https:\/\/tvtecjundiai.com.br\/news\/?p=85346"},"modified":"2021-11-25T11:52:55","modified_gmt":"2021-11-25T14:52:55","slug":"vice-prefeito-visita-nova-sede-da-unidade-de-assistencia-e-desenvolvimento-social","status":"publish","type":"post","link":"https:\/\/tvtecjundiai.com.br\/news\/2021\/11\/25\/vice-prefeito-visita-nova-sede-da-unidade-de-assistencia-e-desenvolvimento-social\/","title":{"rendered":"Vice-prefeito visita nova sede da Unidade de Assist\u00eancia e Desenvolvimento Social"},"content":{"rendered":"\n<p>O vice-prefeito Gustavo Martinelli visitou, na tarde desta ter\u00e7a-feira (24), a nova sede da Unidade de Gest\u00e3o de Assist\u00eancia e Desenvolvimento Social (UGADS), que fica localizada na avenida Avenida Ant\u00f4nio Segre, 81, Jardim Brasil. A proposta da visita foi a de conhecer as novas instala\u00e7\u00f5es, bem como dos servi\u00e7os e iniciativas desenvolvidos pela rede socioassistencial.<\/p>\n\n\n\n<p>\u201cO trabalho essencial desenvolvido pela UGADS ganhou ainda mais import\u00e2ncia durante a pandemia, a fim de garantir o acesso aos servi\u00e7os principalmente da popula\u00e7\u00e3o mais vulner\u00e1vel. \u00c9 muito importante que todos os jundiaienses conhe\u00e7am as frentes de trabalho da UGADS. Para a popula\u00e7\u00e3o em situa\u00e7\u00e3o de rua, por exemplo, em breve ser\u00e1 inaugurada a nova Casa de Passagem. H\u00e1 tamb\u00e9m a campanha \u2018Menos Esmola Mais Dignidade\u2019, que trabalha na conscientiza\u00e7\u00e3o sobre a inclus\u00e3o das pessoas nos servi\u00e7os, para al\u00e9m da oferta de esmola, com o objetivo de que possam sair das ruas. Sem contar a atua\u00e7\u00e3o descentralizada da Unidade atrav\u00e9s dos Centros de Refer\u00eancia de Assist\u00eancia Social (Cras) nos bairros e o trabalho que vem sendo desenvolvido pelos Conselhos Tutelares\u201d, compartilhou Martinelli.<\/p>\n\n\n\n<p>Durante a visita, o vice-prefeito foi recebido pela gestora da pasta, Maria Brant; pela gestora-adjunta, Franciellem Germano; e pela diretora do Departamento de Prote\u00e7\u00e3o Social B\u00e1sica, C\u00e1ssia Carpi do Prado.<\/p>\n\n\n\n<p>Maria agradeceu a visita e ressaltou a sua import\u00e2ncia para o trabalho desempenhado pela pasta. \u201cPara a UGADS, a visita desta tarde foi de extrema import\u00e2ncia, pois o Gustavo \u00e9 um importante agente na divulga\u00e7\u00e3o do trabalho que vem sendo desenvolvido pela Unidade, bem como atesta a valoriza\u00e7\u00e3o do governo municipal em rela\u00e7\u00e3o \u00e0 pasta e aos servi\u00e7os desempenhados pela UGADS para a popula\u00e7\u00e3o mais vulner\u00e1vel da cidade\u201d.<\/p>\n\n\n\n<figure class=\"wp-block-image size-full\"><img loading=\"lazy\" decoding=\"async\" width=\"899\" height=\"960\" src=\"https:\/\/tvtecjundiai.com.br\/news\/wp-content\/uploads\/sites\/2\/2021\/11\/visita_gustavo_martinelli_ugads_2-899x960-1.jpeg\" alt=\"\" class=\"wp-image-85347\" srcset=\"https:\/\/tvtecjundiai.com.br\/news\/wp-content\/uploads\/sites\/2\/2021\/11\/visita_gustavo_martinelli_ugads_2-899x960-1.jpeg 899w, https:\/\/tvtecjundiai.com.br\/news\/wp-content\/uploads\/sites\/2\/2021\/11\/visita_gustavo_martinelli_ugads_2-899x960-1-300x320.jpeg 300w, https:\/\/tvtecjundiai.com.br\/news\/wp-content\/uploads\/sites\/2\/2021\/11\/visita_gustavo_martinelli_ugads_2-899x960-1-768x820.jpeg 768w\" sizes=\"auto, (max-width: 899px) 100vw, 899px\" \/><\/figure>\n\n\n\n<p> <strong><em>(Fonte\/Imagem: Prefeitura de Jundia\u00ed)<\/em><\/strong>  <\/p>\n","protected":false},"excerpt":{"rendered":"<p>A proposta da visita foi a de conhecer os servi\u00e7os e iniciativas desenvolvidos pela rede socioassistencial.<\/p>\n","protected":false},"author":25,"featured_media":85347,"comment_status":"closed","ping_status":"closed","sticky":false,"template":"","format":"standard","meta":{"footnotes":""},"categories":[8356,1],"tags":[],"class_list":["post-85346","post","type-post","status-publish","format-standard","has-post-thumbnail","hentry","category-jundiai","category-noticias"],"_links":{"self":[{"href":"https:\/\/tvtecjundiai.com.br\/news\/wp-json\/wp\/v2\/posts\/85346","targetHints":{"allow":["GET"]}}],"collection":[{"href":"https:\/\/tvtecjundiai.com.br\/news\/wp-json\/wp\/v2\/posts"}],"about":[{"href":"https:\/\/tvtecjundiai.com.br\/news\/wp-json\/wp\/v2\/types\/post"}],"author":[{"embeddable":true,"href":"https:\/\/tvtecjundiai.com.br\/news\/wp-json\/wp\/v2\/users\/25"}],"replies":[{"embeddable":true,"href":"https:\/\/tvtecjundiai.com.br\/news\/wp-json\/wp\/v2\/comments?post=85346"}],"version-history":[{"count":2,"href":"https:\/\/tvtecjundiai.com.br\/news\/wp-json\/wp\/v2\/posts\/85346\/revisions"}],"predecessor-version":[{"id":85376,"href":"https:\/\/tvtecjundiai.com.br\/news\/wp-json\/wp\/v2\/posts\/85346\/revisions\/85376"}],"wp:featuredmedia":[{"embeddable":true,"href":"https:\/\/tvtecjundiai.com.br\/news\/wp-json\/wp\/v2\/media\/85347"}],"wp:attachment":[{"href":"https:\/\/tvtecjundiai.com.br\/news\/wp-json\/wp\/v2\/media?parent=85346"}],"wp:term":[{"taxonomy":"category","embeddable":true,"href":"https:\/\/tvtecjundiai.com.br\/news\/wp-json\/wp\/v2\/categories?post=85346"},{"taxonomy":"post_tag","embeddable":true,"href":"https:\/\/tvtecjundiai.com.br\/news\/wp-json\/wp\/v2\/tags?post=85346"}],"curies":[{"name":"wp","href":"https:\/\/api.w.org\/{rel}","templated":true}]}}