{"id":85472,"date":"2021-11-27T08:22:30","date_gmt":"2021-11-27T11:22:30","guid":{"rendered":"https:\/\/tvtecjundiai.com.br\/news\/?p=85472"},"modified":"2021-11-29T08:52:40","modified_gmt":"2021-11-29T11:52:40","slug":"jundiai-comemora-aniversario-de-365-anos-com-entregas-e-atracoes-gratuitas","status":"publish","type":"post","link":"https:\/\/tvtecjundiai.com.br\/news\/2021\/11\/27\/jundiai-comemora-aniversario-de-365-anos-com-entregas-e-atracoes-gratuitas\/","title":{"rendered":"Jundia\u00ed comemora anivers\u00e1rio de 365 anos com entregas e atra\u00e7\u00f5es gratuitas"},"content":{"rendered":"\n<p>No dia 14 de dezembro, Jundia\u00ed comemora seu anivers\u00e1rio de 365 anos e mais uma vez a Prefeitura programou uma s\u00e9rie de atividades, entre os dias 01 e 19, com as entregas de obras e revitaliza\u00e7\u00f5es, al\u00e9m de atra\u00e7\u00f5es culturais gratuitas em diversos pontos da cidade e propostas vinculadas ao programa municipal Cidade das Crian\u00e7as.<\/p>\n\n\n\n<p>Devido \u00e0&nbsp;<a href=\"https:\/\/jundiai.sp.gov.br\/noticias\/2018\/07\/23\/professor-apresenta-a-prefeito-documento-que-altera-ano-de-criacao-da-vila-de-jundiai\/\">descoberta de documento no Arquivo Nacional Torre do Tombo (Portugal) por parte de pesquisador jundiaiense e confirma\u00e7\u00e3o da Prefeitura<\/a>, ficou conferida a eleva\u00e7\u00e3o de Jundia\u00ed a vila em 14 de dezembro de 1656, e n\u00e3o 1655, sendo comemorado agora novamente o anivers\u00e1rio de 365 anos.<\/p>\n\n\n\n<figure class=\"wp-block-image\"><img decoding=\"async\" src=\"https:\/\/jundiai.sp.gov.br\/noticias\/wp-content\/uploads\/sites\/32\/2021\/11\/jundiai_365_anos-1280x610.png\" alt=\"\" class=\"wp-image-281274\" \/><figcaption>Jundia\u00ed chega aos seus 365 anos festejando sua hist\u00f3ria e vislumbrando o horizonte.<\/figcaption><\/figure>\n\n\n\n<p>Est\u00e3o previstas as seguintes entregas pela Prefeitura no per\u00edodo: a revitaliza\u00e7\u00e3o da Galeria de Arte Urbana G9 da avenida Nove de Julho (dia 10), o Parque Urbano do Santa Gertrudes e a Nova UBS Agapeama (dia 13), a nova Emeb Joaquim Candel\u00e1rio de Freitas (dia 14), a nova sede da Casa de Passagem para a popula\u00e7\u00e3o em situa\u00e7\u00e3o de rua (dia 16), o Parque Cerrado do Vetor Oeste e a arquibancada e vesti\u00e1rios da piscina do Bol\u00e3o (dia 17) e a F\u00e1brica de Inf\u00e2ncia Japy (dia 18), al\u00e9m da apresenta\u00e7\u00e3o do modelo de Teleinterconsulta (dia 15).<\/p>\n\n\n\n<p>Est\u00e3o previstas tamb\u00e9m diversas apresenta\u00e7\u00f5es culturais com entrada gratuita. Os terminais de \u00f4nibus recebem atra\u00e7\u00f5es pelo programa Conex\u00e3o Cultural. J\u00e1 a regi\u00e3o central e a Sala Jahyr Accioly de Souza do Museu Hist\u00f3rico e Cultural \u2013 Solar do Bar\u00e3o tamb\u00e9m possuem extensa programa\u00e7\u00e3o de shows musicais e performances art\u00edsticas.<\/p>\n\n\n\n<p>Os corpos art\u00edsticos da Unidade de Gest\u00e3o de Cultura tamb\u00e9m marcam presen\u00e7a na programa\u00e7\u00e3o. A Cia. Jovem de Dan\u00e7a apresenta aos s\u00e1bados e domingos, sempre \u00e0s 11h, a coreografia \u201cInstagrimm\u201d, na F\u00e1brica das Inf\u00e2ncias Japy. J\u00e1 a Orquestra Municipal de Jundia\u00ed (OMJ) apresenta-se com convidados especiais nos bairros da cidade pela s\u00e9ria \u201cOMJ nos Bairros\u201d (Fazenda Grande \u2013 dia 01, Santa Gertrudes \u2013 da 03 e Col\u00f4nia \u2013 dia 07). Tamb\u00e9m com convidados, a OMJ apresenta um concerto especial nos dias 11 e 12 em homenagem ao Teatro Polytheama, que tamb\u00e9m faz anivers\u00e1rio e chega aos 110 anos.<\/p>\n\n\n\n<p>Tamb\u00e9m fazem parte da programa\u00e7\u00e3o as Ruas de Brincar, que ser\u00e3o montadas no Centro (dias 04, 11 e 18) e no Jardim Novo Horizonte (dia 19); o lan\u00e7amento do programa P\u00e9 de Ouvido (dia 05); atividades especiais para crian\u00e7as no Complexo Fepasa (dias 05, 12 e 19); e as comemora\u00e7\u00f5es pelo Jubileu de Ouro \u2013 50 anos da Biblioteca Municipal Nelson Foot (dia 14).<\/p>\n\n\n\n<figure class=\"wp-block-image\"><img decoding=\"async\" src=\"https:\/\/jundiai.sp.gov.br\/noticias\/wp-content\/uploads\/sites\/32\/2021\/11\/coral_solar_barao-148.jpg\" alt=\"\" class=\"wp-image-281277\" \/><figcaption>Abertura da programa\u00e7\u00e3o fica por conta da exposi\u00e7\u00e3o de pres\u00e9pios e apresenta\u00e7\u00f5es nas janelas do Solar<\/figcaption><\/figure>\n\n\n\n<p><strong>Abertura<\/strong><br>A abertura da extensa programa\u00e7\u00e3o ser\u00e1 j\u00e1 nesta quarta-feira (01), a partir das 19h, no Museu Hist\u00f3rico e Cultural \u2013 Solar do Bar\u00e3o, quando ser\u00e1 inaugurada a tradicional exposi\u00e7\u00e3o de pres\u00e9pios. Na sequ\u00eancia, nas janelas do pr\u00e9dio centen\u00e1rio apresentam-se a Banda S\u00e3o Jo\u00e3o Batista e o grupo Musical Vivace. Tamb\u00e9m ser\u00e1 realizada proje\u00e7\u00e3o mapeada na fachada da Catedral Nossa Senhora do Desterro (atividade da Associa\u00e7\u00e3o Comercial e Empresarial de Jundia\u00ed).<\/p>\n\n\n\n<p>A programa\u00e7\u00e3o completa pode ser conferida no&nbsp;<a href=\"https:\/\/jundiai.sp.gov.br\/aniversario\/\">site Jundia\u00ed 365 anos<\/a>.<\/p>\n\n\n\n<p><em>(Fonte\/Imagem: Prefeitura de Jundia\u00ed)<\/em><\/p>\n","protected":false},"excerpt":{"rendered":"<p>Prefeitura programou uma s\u00e9rie de atividades entre os dias 01 e 19<\/p>\n","protected":false},"author":17,"featured_media":85473,"comment_status":"closed","ping_status":"closed","sticky":false,"template":"","format":"standard","meta":{"footnotes":""},"categories":[8356,8354,1],"tags":[],"class_list":["post-85472","post","type-post","status-publish","format-standard","has-post-thumbnail","hentry","category-jundiai","category-lazer","category-noticias"],"_links":{"self":[{"href":"https:\/\/tvtecjundiai.com.br\/news\/wp-json\/wp\/v2\/posts\/85472","targetHints":{"allow":["GET"]}}],"collection":[{"href":"https:\/\/tvtecjundiai.com.br\/news\/wp-json\/wp\/v2\/posts"}],"about":[{"href":"https:\/\/tvtecjundiai.com.br\/news\/wp-json\/wp\/v2\/types\/post"}],"author":[{"embeddable":true,"href":"https:\/\/tvtecjundiai.com.br\/news\/wp-json\/wp\/v2\/users\/17"}],"replies":[{"embeddable":true,"href":"https:\/\/tvtecjundiai.com.br\/news\/wp-json\/wp\/v2\/comments?post=85472"}],"version-history":[{"count":2,"href":"https:\/\/tvtecjundiai.com.br\/news\/wp-json\/wp\/v2\/posts\/85472\/revisions"}],"predecessor-version":[{"id":85507,"href":"https:\/\/tvtecjundiai.com.br\/news\/wp-json\/wp\/v2\/posts\/85472\/revisions\/85507"}],"wp:featuredmedia":[{"embeddable":true,"href":"https:\/\/tvtecjundiai.com.br\/news\/wp-json\/wp\/v2\/media\/85473"}],"wp:attachment":[{"href":"https:\/\/tvtecjundiai.com.br\/news\/wp-json\/wp\/v2\/media?parent=85472"}],"wp:term":[{"taxonomy":"category","embeddable":true,"href":"https:\/\/tvtecjundiai.com.br\/news\/wp-json\/wp\/v2\/categories?post=85472"},{"taxonomy":"post_tag","embeddable":true,"href":"https:\/\/tvtecjundiai.com.br\/news\/wp-json\/wp\/v2\/tags?post=85472"}],"curies":[{"name":"wp","href":"https:\/\/api.w.org\/{rel}","templated":true}]}}