{"id":85497,"date":"2021-11-28T13:42:44","date_gmt":"2021-11-28T16:42:44","guid":{"rendered":"https:\/\/tvtecjundiai.com.br\/news\/?p=85497"},"modified":"2021-11-28T13:42:53","modified_gmt":"2021-11-28T16:42:53","slug":"gmj-72-anos-treinamento-com-caes-policiais-reune-17-cidades-e-fuzileiros-navais-da-marinha-brasileira","status":"publish","type":"post","link":"https:\/\/tvtecjundiai.com.br\/news\/2021\/11\/28\/gmj-72-anos-treinamento-com-caes-policiais-reune-17-cidades-e-fuzileiros-navais-da-marinha-brasileira\/","title":{"rendered":"GMJ 72 anos: Treinamento com c\u00e3es policiais re\u00fane 17 cidades e fuzileiros navais da Marinha Brasileira"},"content":{"rendered":"\n<p>Em comemora\u00e7\u00e3o aos 72 anos da Guarda Municipal de Jundia\u00ed, o Canil da GM organizou, no s\u00e1bado (27), um treinamento de c\u00e3es policiais para os agentes de seguran\u00e7a p\u00fablica. O evento ocorreu na sede do Canil no Complexo Fepasa.<\/p>\n\n\n\n<p>Participaram do treinamento guardas municipais de 17 cidades da regi\u00e3o metropolitana de Jundia\u00ed, Baixada Santista e Vale do Ribeira, Grande S\u00e3o Paulo, pol\u00edcia penal \u2013 GIR Grupo Opera\u00e7\u00f5es Prisionais de Sorocaba e Guare\u00ed 2 e fuzileiros navais da marinha brasileira.<\/p>\n\n\n\n<p>Foram montadas tendas para oficinas de treinamentos, onde cada local tinha um objetivo de faro.<\/p>\n\n\n\n<figure class=\"wp-block-image\"><img decoding=\"async\" src=\"https:\/\/jundiai.sp.gov.br\/noticias\/wp-content\/uploads\/sites\/32\/2021\/11\/dsc_2359-1.jpg\" alt=\"\" class=\"wp-image-281321\" \/><figcaption>Treinamento de c\u00e3es fez parte das atividades de anivers\u00e1rio da GMJ<\/figcaption><\/figure>\n\n\n\n<p>\u201cS\u00e3o treinamentos com os c\u00e3es para faros de entorpecentes escondidos em ve\u00edculos, bagageiros em \u00f4nibus, pneus, etc, simulando os mais variados casos em que o agente policial e o c\u00e3o se depararam no dia a dia\u201d, explica o inspetor Erich Streng Godoi, chefe do Canil da Guarda de Jundia\u00ed.<\/p>\n\n\n\n<p>Al\u00e9m do treinamento, Godoi ressaltou que encontros como esse trazem uma troca de informa\u00e7\u00f5es importantes entre os agentes de seguran\u00e7a p\u00fablica. \u201cA rotina de trabalho \u00e9 din\u00e2mica, \u00e9 preciso estar atualizado de novas t\u00e9cnicas e esse encontro traz essa atualiza\u00e7\u00e3o\u201d.<\/p>\n\n\n\n<p>O fuzileiro Elvis da Marinha Brasileira com base em Iper\u00f3 parabenizou o evento e destacou a import\u00e2ncia de compartilhar os treinamentos. \u201cJ\u00e1 conhec\u00edamos o Canil da GM e parabenizamos pela iniciativa de poder estar juntos com outras institui\u00e7\u00f5es que atuam com c\u00e3es policiais. Treinamentos como esses s\u00e3o fundamentais para o nosso dia a dia\u201d, disse.<\/p>\n\n\n\n<p>O Canil da Guarda Municipal de Jundia\u00ed \u00e9 refer\u00eancia para outras corpora\u00e7\u00f5es com cerca de 17 c\u00e3es treinados para as mais variadas ocorr\u00eancias e apoio a outros \u00f3rg\u00e3os de seguran\u00e7a.<\/p>\n\n\n\n<p><em>(Fonte\/Imagem: Prefeitura de Jundia\u00ed)<\/em><\/p>\n","protected":false},"excerpt":{"rendered":"<p>O evento ocorreu na sede do Canil no Complexo Fepasa<\/p>\n","protected":false},"author":17,"featured_media":85498,"comment_status":"closed","ping_status":"closed","sticky":false,"template":"","format":"standard","meta":{"footnotes":""},"categories":[8356,1,4831],"tags":[],"class_list":["post-85497","post","type-post","status-publish","format-standard","has-post-thumbnail","hentry","category-jundiai","category-noticias","category-seguranca"],"_links":{"self":[{"href":"https:\/\/tvtecjundiai.com.br\/news\/wp-json\/wp\/v2\/posts\/85497","targetHints":{"allow":["GET"]}}],"collection":[{"href":"https:\/\/tvtecjundiai.com.br\/news\/wp-json\/wp\/v2\/posts"}],"about":[{"href":"https:\/\/tvtecjundiai.com.br\/news\/wp-json\/wp\/v2\/types\/post"}],"author":[{"embeddable":true,"href":"https:\/\/tvtecjundiai.com.br\/news\/wp-json\/wp\/v2\/users\/17"}],"replies":[{"embeddable":true,"href":"https:\/\/tvtecjundiai.com.br\/news\/wp-json\/wp\/v2\/comments?post=85497"}],"version-history":[{"count":1,"href":"https:\/\/tvtecjundiai.com.br\/news\/wp-json\/wp\/v2\/posts\/85497\/revisions"}],"predecessor-version":[{"id":85499,"href":"https:\/\/tvtecjundiai.com.br\/news\/wp-json\/wp\/v2\/posts\/85497\/revisions\/85499"}],"wp:featuredmedia":[{"embeddable":true,"href":"https:\/\/tvtecjundiai.com.br\/news\/wp-json\/wp\/v2\/media\/85498"}],"wp:attachment":[{"href":"https:\/\/tvtecjundiai.com.br\/news\/wp-json\/wp\/v2\/media?parent=85497"}],"wp:term":[{"taxonomy":"category","embeddable":true,"href":"https:\/\/tvtecjundiai.com.br\/news\/wp-json\/wp\/v2\/categories?post=85497"},{"taxonomy":"post_tag","embeddable":true,"href":"https:\/\/tvtecjundiai.com.br\/news\/wp-json\/wp\/v2\/tags?post=85497"}],"curies":[{"name":"wp","href":"https:\/\/api.w.org\/{rel}","templated":true}]}}