{"id":8563,"date":"2018-04-09T14:17:47","date_gmt":"2018-04-09T17:17:47","guid":{"rendered":"https:\/\/tvtecjundiai.com.br\/news\/?p=8563"},"modified":"2018-04-09T14:18:14","modified_gmt":"2018-04-09T17:18:14","slug":"economia-facebook-avisa-usuarios-que-tiveram-dados-vazados-a-partir-desta-segunda-9","status":"publish","type":"post","link":"https:\/\/tvtecjundiai.com.br\/news\/2018\/04\/09\/economia-facebook-avisa-usuarios-que-tiveram-dados-vazados-a-partir-desta-segunda-9\/","title":{"rendered":"Economia: Facebook avisa usu\u00e1rios que tiveram dados vazados a partir desta segunda (9)"},"content":{"rendered":"<div id=\"attachment_8571\" style=\"width: 460px\" class=\"wp-caption alignright\"><a href=\"https:\/\/tvtecjundiai.com.br\/news\/wp-content\/uploads\/sites\/2\/2018\/04\/Como-Divulgar-sua-Empresa-de-Marketing-Multin\u00edvel-no-Facebook.jpg\"><img loading=\"lazy\" decoding=\"async\" aria-describedby=\"caption-attachment-8571\" class=\"wp-image-8571\" src=\"https:\/\/tvtecjundiai.com.br\/news\/wp-content\/uploads\/sites\/2\/2018\/04\/Como-Divulgar-sua-Empresa-de-Marketing-Multin\u00edvel-no-Facebook-300x157.jpg\" alt=\"\" width=\"450\" height=\"236\" srcset=\"https:\/\/tvtecjundiai.com.br\/news\/wp-content\/uploads\/sites\/2\/2018\/04\/Como-Divulgar-sua-Empresa-de-Marketing-Multin\u00edvel-no-Facebook-300x157.jpg 300w, https:\/\/tvtecjundiai.com.br\/news\/wp-content\/uploads\/sites\/2\/2018\/04\/Como-Divulgar-sua-Empresa-de-Marketing-Multin\u00edvel-no-Facebook-768x402.jpg 768w, https:\/\/tvtecjundiai.com.br\/news\/wp-content\/uploads\/sites\/2\/2018\/04\/Como-Divulgar-sua-Empresa-de-Marketing-Multin\u00edvel-no-Facebook.jpg 1200w\" sizes=\"auto, (max-width: 450px) 100vw, 450px\" \/><\/a><p id=\"caption-attachment-8571\" class=\"wp-caption-text\">No Brasil, 443.000 usu\u00e1rios foram prejudicados; em todo o mundo, 87 milh\u00f5es de pessoas foram afetadas<\/p><\/div>\n<p>O\u00a0Facebook\u00a0come\u00e7a a avisar, nesta segunda-feira (9), os\u00a087 milh\u00f5es de usu\u00e1rios que tiveram dados indevidamente compartilhados\u00a0com a consultoria\u00a0<em>Cambridge Analytica<\/em>, que utilizou as informa\u00e7\u00f5es para ajudar a eleger\u00a0Donald Trump presidente dos\u00a0Estados Unidos. A\u00a0rede social\u00a0tamb\u00e9m vai disponibilizar um link para que as pessoas saibam quais dados est\u00e3o sendo compartilhados com aplicativos dentro do Facebook.<\/p>\n<p>No Brasil,\u00a0443.000 brasileiros tiveram seus dados do Facebook vazados\u00a0\u2013\u00a0o pa\u00eds est\u00e1 na 8\u00aa coloca\u00e7\u00e3o entre os 10 pa\u00edses com mais usu\u00e1rios afetados.\u00a0Nos Estados Unidos, mais de 70 milh\u00f5es de pessoas tiveram os dados expostos. O pa\u00eds foi seguido por Filipinas (1,17 milh\u00e3o) e Indon\u00e9sia (1,09 milh\u00e3o).<\/p>\n<p>Com o esc\u00e2ndalo em torno da falta de privacidade e prote\u00e7\u00e3o de dados dos usu\u00e1rios, o Facebook anunciou mudan\u00e7as para tentar contornar a situa\u00e7\u00e3o.\u00a0\u201cAcreditamos que essas mudan\u00e7as proteger\u00e3o melhor as informa\u00e7\u00f5es das pessoas e, ao mesmo tempo, permitir\u00e3o que os desenvolvedores criem experi\u00eancias \u00fateis\u201d, disse\u00a0o\u00a0diretor-executivo de Tecnologia do Facebook, Mike\u00a0Schroepfer em postagem do Facebook.<\/p>\n<p>Uma das principais mudan\u00e7as diz respeito ao Facebook Login, que permitia o compartilhamento de dados dos usu\u00e1rios com aplicativos parceiros da rede social, como aqueles que desenvolvem games ou quiz. \u201cAs pessoas n\u00e3o poder\u00e3o mais conceder aos apps acesso a informa\u00e7\u00f5es pessoais, incluindo cren\u00e7as religiosas ou pol\u00edticas, status e detalhes de relacionamento, listas personalizadas de amigos, hist\u00f3rico escolar e profissional, atividades f\u00edsicas, de leitura e musicais, leitura de not\u00edcias, h\u00e1bitos de assistir a v\u00eddeos e de acesso a jogos\u201d.<\/p>\n<p>A empresa diz que vai remover, nesta semana, a capacidade dos desenvolvedores de solicitar dados que as pessoas compartilham com eles caso o aplicativo n\u00e3o tenha sido usado nos \u00faltimos tr\u00eas meses. A mudan\u00e7a tamb\u00e9m vai atingir quem utilizava a busca de contas por meio do n\u00famero de telefone ou endere\u00e7o de e-mail de outra pessoa.<\/p>\n<p><em>Fonte: Veja<\/em><\/p>\n","protected":false},"excerpt":{"rendered":"<p>No Brasil, 443.000 usu\u00e1rios foram prejudicados<\/p>\n","protected":false},"author":10,"featured_media":8571,"comment_status":"closed","ping_status":"closed","sticky":false,"template":"","format":"standard","meta":{"footnotes":""},"categories":[1],"tags":[1903,237,2696,5,353,15],"class_list":["post-8563","post","type-post","status-publish","format-standard","has-post-thumbnail","hentry","category-noticias","tag-brasil","tag-facebook","tag-internacional","tag-jundiai","tag-tecnologia","tag-tvtec"],"_links":{"self":[{"href":"https:\/\/tvtecjundiai.com.br\/news\/wp-json\/wp\/v2\/posts\/8563","targetHints":{"allow":["GET"]}}],"collection":[{"href":"https:\/\/tvtecjundiai.com.br\/news\/wp-json\/wp\/v2\/posts"}],"about":[{"href":"https:\/\/tvtecjundiai.com.br\/news\/wp-json\/wp\/v2\/types\/post"}],"author":[{"embeddable":true,"href":"https:\/\/tvtecjundiai.com.br\/news\/wp-json\/wp\/v2\/users\/10"}],"replies":[{"embeddable":true,"href":"https:\/\/tvtecjundiai.com.br\/news\/wp-json\/wp\/v2\/comments?post=8563"}],"version-history":[{"count":4,"href":"https:\/\/tvtecjundiai.com.br\/news\/wp-json\/wp\/v2\/posts\/8563\/revisions"}],"predecessor-version":[{"id":8573,"href":"https:\/\/tvtecjundiai.com.br\/news\/wp-json\/wp\/v2\/posts\/8563\/revisions\/8573"}],"wp:featuredmedia":[{"embeddable":true,"href":"https:\/\/tvtecjundiai.com.br\/news\/wp-json\/wp\/v2\/media\/8571"}],"wp:attachment":[{"href":"https:\/\/tvtecjundiai.com.br\/news\/wp-json\/wp\/v2\/media?parent=8563"}],"wp:term":[{"taxonomy":"category","embeddable":true,"href":"https:\/\/tvtecjundiai.com.br\/news\/wp-json\/wp\/v2\/categories?post=8563"},{"taxonomy":"post_tag","embeddable":true,"href":"https:\/\/tvtecjundiai.com.br\/news\/wp-json\/wp\/v2\/tags?post=8563"}],"curies":[{"name":"wp","href":"https:\/\/api.w.org\/{rel}","templated":true}]}}