{"id":85695,"date":"2021-12-02T14:11:15","date_gmt":"2021-12-02T17:11:15","guid":{"rendered":"https:\/\/tvtecjundiai.com.br\/news\/?p=85695"},"modified":"2021-12-02T14:11:39","modified_gmt":"2021-12-02T17:11:39","slug":"investimentos-de-jundiai-na-infancia-ganham-destaque-em-jornal-internacional","status":"publish","type":"post","link":"https:\/\/tvtecjundiai.com.br\/news\/2021\/12\/02\/investimentos-de-jundiai-na-infancia-ganham-destaque-em-jornal-internacional\/","title":{"rendered":"Investimentos de Jundia\u00ed na inf\u00e2ncia ganham destaque em jornal internacional"},"content":{"rendered":"\n<p>O prefeito Luiz Fernando Machado apresentou as boas pr\u00e1ticas e a\u00e7\u00f5es implantadas em Jundia\u00ed por meio do programa Cidade das Crian\u00e7as durante o evento internacional de lan\u00e7amento da edi\u00e7\u00e3o 2021 do Early Childhood Matters, jornal publicado pela Funda\u00e7\u00e3o Bernard van Leer sobre avan\u00e7os na primeira inf\u00e2ncia e no qual est\u00e1 um artigo do pr\u00f3prio prefeito (<a href=\"https:\/\/earlychildhoodmatters.online\/2021\/making-every-child-feel-that-the-city-genuinely-cares\/\" target=\"_blank\" rel=\"noreferrer noopener\">leia aqui em ingl\u00eas<\/a>). O evento ocorreu de forma on-line na manh\u00e3 desta quinta-feira (02).<\/p>\n\n\n\n<p>Nessa edi\u00e7\u00e3o, o jornal divulgou, entre outros assuntos, a crise clim\u00e1tica, com quest\u00f5es que foram abordadas recentemente na COP 26, em Glasgow.<\/p>\n\n\n\n<figure class=\"wp-block-image\"><img decoding=\"async\" src=\"https:\/\/jundiai.sp.gov.br\/noticias\/wp-content\/uploads\/sites\/32\/2021\/10\/abertura_mundo_das_criancas_convidados-798.jpg\" alt=\"\" class=\"wp-image-277960\" \/><figcaption>Mundo das Crian\u00e7as \u00e9 citado por prefeito Luiz Fernando no lan\u00e7amento do Early Childhood Matters<\/figcaption><\/figure>\n\n\n\n<p>\u201cEm nossa cidade, levamos muito a s\u00e9rio a conviv\u00eancia da crian\u00e7a em \u00e1reas verdes, em contato com a natureza, e isso vai ao encontro de investimentos que fizemos nos \u00faltimos anos, como a constru\u00e7\u00e3o do Mundo das Crian\u00e7as e o modelo do desemparedamento das escolas\u201d, observou o prefeito. \u201cCidade desenvolvida \u00e9 aquela que cresce com sustentabilidade, pensando na inf\u00e2ncia. Cidade boa para a crian\u00e7a \u00e9 boa para todos.\u201d<\/p>\n\n\n\n<p>\u201cA edi\u00e7\u00e3o de 2021 foi planejada para criar uma ponte para a conversa entre l\u00edderes, especialistas e ativistas que trabalham com clima e a primeira inf\u00e2ncia\u201d, explicou a diretora executiva da Bernard van Leer Foundation, Cecilia Jones. \u201cArtigos de todo o mundo demonstram o que est\u00e1 em jogo para os beb\u00eas nascidos hoje se deixarmos de agir, mas tamb\u00e9m o que \u00e9 poss\u00edvel quando adotamos uma abordagem coletiva e intersetorial.\u201d<\/p>\n\n\n\n<p>Todos os artigos da vers\u00e3o online do jornal podem ser lidos\u00a0<a rel=\"noreferrer noopener\" href=\"https:\/\/earlychildhoodmatters.online\/\" target=\"_blank\">AQUI<\/a>.<\/p>\n\n\n\n<p><strong><em>(Fonte\/Imagem: Prefeitura de Jundia\u00ed)<\/em><\/strong><\/p>\n","protected":false},"excerpt":{"rendered":"<p>O evento ocorreu de forma on-line na manh\u00e3 desta quinta-feira (02).<\/p>\n","protected":false},"author":25,"featured_media":85696,"comment_status":"closed","ping_status":"closed","sticky":false,"template":"","format":"standard","meta":{"footnotes":""},"categories":[2828,1],"tags":[],"class_list":["post-85695","post","type-post","status-publish","format-standard","has-post-thumbnail","hentry","category-educacao","category-noticias"],"_links":{"self":[{"href":"https:\/\/tvtecjundiai.com.br\/news\/wp-json\/wp\/v2\/posts\/85695","targetHints":{"allow":["GET"]}}],"collection":[{"href":"https:\/\/tvtecjundiai.com.br\/news\/wp-json\/wp\/v2\/posts"}],"about":[{"href":"https:\/\/tvtecjundiai.com.br\/news\/wp-json\/wp\/v2\/types\/post"}],"author":[{"embeddable":true,"href":"https:\/\/tvtecjundiai.com.br\/news\/wp-json\/wp\/v2\/users\/25"}],"replies":[{"embeddable":true,"href":"https:\/\/tvtecjundiai.com.br\/news\/wp-json\/wp\/v2\/comments?post=85695"}],"version-history":[{"count":1,"href":"https:\/\/tvtecjundiai.com.br\/news\/wp-json\/wp\/v2\/posts\/85695\/revisions"}],"predecessor-version":[{"id":85697,"href":"https:\/\/tvtecjundiai.com.br\/news\/wp-json\/wp\/v2\/posts\/85695\/revisions\/85697"}],"wp:featuredmedia":[{"embeddable":true,"href":"https:\/\/tvtecjundiai.com.br\/news\/wp-json\/wp\/v2\/media\/85696"}],"wp:attachment":[{"href":"https:\/\/tvtecjundiai.com.br\/news\/wp-json\/wp\/v2\/media?parent=85695"}],"wp:term":[{"taxonomy":"category","embeddable":true,"href":"https:\/\/tvtecjundiai.com.br\/news\/wp-json\/wp\/v2\/categories?post=85695"},{"taxonomy":"post_tag","embeddable":true,"href":"https:\/\/tvtecjundiai.com.br\/news\/wp-json\/wp\/v2\/tags?post=85695"}],"curies":[{"name":"wp","href":"https:\/\/api.w.org\/{rel}","templated":true}]}}