{"id":85717,"date":"2021-12-02T17:02:20","date_gmt":"2021-12-02T20:02:20","guid":{"rendered":"https:\/\/tvtecjundiai.com.br\/news\/?p=85717"},"modified":"2021-12-02T17:02:26","modified_gmt":"2021-12-02T20:02:26","slug":"biblioteca-nelson-foot-conta-com-programacao-especial-de-aniversario-em-dezembro","status":"publish","type":"post","link":"https:\/\/tvtecjundiai.com.br\/news\/2021\/12\/02\/biblioteca-nelson-foot-conta-com-programacao-especial-de-aniversario-em-dezembro\/","title":{"rendered":"Biblioteca Nelson Foot conta com programa\u00e7\u00e3o especial de anivers\u00e1rio em dezembro"},"content":{"rendered":"\n<p>Dezembro \u00e9 o m\u00eas de comemora\u00e7\u00e3o dos 50 anos da Biblioteca Municipal Professor Nelson Foot (BNF) e apresenta a programa\u00e7\u00e3o com oficina, encerramento da ZumbiTECA e exposi\u00e7\u00e3o em homenagem ao jubileu de ouro.<\/p>\n\n\n\n<p>08\/12 (quarta-feira) \u2013 Oficina \u201cComo publicar o seu primeiro livro!\u201d, com a autora Fabi Zambelli. As inscri\u00e7\u00f5es podem ser feitas pelo<a href=\"https:\/\/biblioteca.jundiai.sp.gov.br\/\">&nbsp;site da Biblioteca<\/a>.<\/p>\n\n\n\n<p>11\/12 (s\u00e1bado), das 9h \u00e0s 13h, no estacionamento do Complexo Argos e Biblioteca. Atividades com a demonstra\u00e7\u00e3o de uma \u2018Batalha de Rimas\u2019 e apresenta\u00e7\u00e3o de movimentos culturais com a presen\u00e7a de slammers, DJs, hip hop, grafite e apoio ao movimento skatista.&nbsp;<\/p>\n\n\n\n<p>15\/12 (quarta-feira), das 18h30 \u00e0s 20h \u2013 Workshop e lan\u00e7amento do livro \u201cContos do Sol Poente\u201d, do premiado autor Andr\u00e9 Kondo.&nbsp;<\/p>\n\n\n\n<p>15\/12 a 14\/01 \u2013 Exposi\u00e7\u00e3o \u201cBNF: 50 anos tecendo hist\u00f3rias\u201d, na \u00e1rea de exposi\u00e7\u00e3o da Biblioteca.&nbsp;A visita\u00e7\u00e3o ser\u00e1 gratuita, de segunda \u00e0 sexta-feira, das 8h30 \u00e0s 17h30.<\/p>\n\n\n\n<p>Em comemora\u00e7\u00e3o ao dia do Escritor Jundiaiense, celebrado em 02 de dezembro, a Biblioteca preparou uma sele\u00e7\u00e3o de livros escritos por autores jundiaienses que est\u00e3o dispon\u00edveis para leitura e empr\u00e9stimo. J\u00e1 no Leitura em Foco, h\u00e1 uma sele\u00e7\u00e3o de obras do autor jundiaiense Marcio Martelli.<\/p>\n\n\n\n<p>Na programa\u00e7\u00e3o online, o \u201cLeiturinha em Casa\u201d traz \u201cUm sonho de Natal\u201d, de Patr\u00edcia Angel Secco, adaptada e contada pela servidora Rosa Maria de Almeida. O acesso \u00e9 pela p\u00e1gina do&nbsp;<a href=\"https:\/\/www.facebook.com\/bibliotecamunicipaljundiai\">Facebook da Biblioteca.<\/a><\/p>\n\n\n\n<figure class=\"wp-block-image\"><img decoding=\"async\" src=\"https:\/\/jundiai.sp.gov.br\/noticias\/wp-content\/uploads\/sites\/32\/2021\/08\/biblioteca-publica-municipal-professor-nelson-foot-133.jpg\" alt=\"M\u00e3o de uma pessoa, com rel\u00f3gio dourado nos pulsos, puxa um livro com a ilustra\u00e7\u00e3o que aparece meia face de uma mulher de cabelos longos e loiros. O livro est\u00e1 em uma estante com outros exemplares. \" class=\"wp-image-273990\" \/><figcaption>A sele\u00e7\u00e3o de livros deste m\u00eas \u00e9 em homenagem a escritores jundiaienses<\/figcaption><\/figure>\n\n\n\n<p><strong><em>(Fonte\/Imagem: Prefeitura de Jundia\u00ed)<\/em><\/strong><\/p>\n","protected":false},"excerpt":{"rendered":"<p>A sele\u00e7\u00e3o de livros deste m\u00eas \u00e9 em homenagem a escritores jundiaienses.<\/p>\n","protected":false},"author":25,"featured_media":85718,"comment_status":"closed","ping_status":"closed","sticky":false,"template":"","format":"standard","meta":{"footnotes":""},"categories":[2828,1],"tags":[],"class_list":["post-85717","post","type-post","status-publish","format-standard","has-post-thumbnail","hentry","category-educacao","category-noticias"],"_links":{"self":[{"href":"https:\/\/tvtecjundiai.com.br\/news\/wp-json\/wp\/v2\/posts\/85717","targetHints":{"allow":["GET"]}}],"collection":[{"href":"https:\/\/tvtecjundiai.com.br\/news\/wp-json\/wp\/v2\/posts"}],"about":[{"href":"https:\/\/tvtecjundiai.com.br\/news\/wp-json\/wp\/v2\/types\/post"}],"author":[{"embeddable":true,"href":"https:\/\/tvtecjundiai.com.br\/news\/wp-json\/wp\/v2\/users\/25"}],"replies":[{"embeddable":true,"href":"https:\/\/tvtecjundiai.com.br\/news\/wp-json\/wp\/v2\/comments?post=85717"}],"version-history":[{"count":1,"href":"https:\/\/tvtecjundiai.com.br\/news\/wp-json\/wp\/v2\/posts\/85717\/revisions"}],"predecessor-version":[{"id":85719,"href":"https:\/\/tvtecjundiai.com.br\/news\/wp-json\/wp\/v2\/posts\/85717\/revisions\/85719"}],"wp:featuredmedia":[{"embeddable":true,"href":"https:\/\/tvtecjundiai.com.br\/news\/wp-json\/wp\/v2\/media\/85718"}],"wp:attachment":[{"href":"https:\/\/tvtecjundiai.com.br\/news\/wp-json\/wp\/v2\/media?parent=85717"}],"wp:term":[{"taxonomy":"category","embeddable":true,"href":"https:\/\/tvtecjundiai.com.br\/news\/wp-json\/wp\/v2\/categories?post=85717"},{"taxonomy":"post_tag","embeddable":true,"href":"https:\/\/tvtecjundiai.com.br\/news\/wp-json\/wp\/v2\/tags?post=85717"}],"curies":[{"name":"wp","href":"https:\/\/api.w.org\/{rel}","templated":true}]}}