{"id":85770,"date":"2021-12-03T17:46:25","date_gmt":"2021-12-03T20:46:25","guid":{"rendered":"https:\/\/tvtecjundiai.com.br\/news\/?p=85770"},"modified":"2021-12-03T17:46:31","modified_gmt":"2021-12-03T20:46:31","slug":"alunos-da-emeb-judith-arruda-resgatam-infancia-com-as-brincadeiras-na-rua","status":"publish","type":"post","link":"https:\/\/tvtecjundiai.com.br\/news\/2021\/12\/03\/alunos-da-emeb-judith-arruda-resgatam-infancia-com-as-brincadeiras-na-rua\/","title":{"rendered":"Alunos da EMEB Judith Arruda resgatam inf\u00e2ncia com as brincadeiras na rua"},"content":{"rendered":"\n<p>Os pequenos s\u00e3o fascinados em brincar e na EMEB Judith Arruda Carreta, as turmas do G4 e G5 n\u00e3o s\u00e3o diferentes. Por meio do programa \u201cRuas de Brincar\u201d e do projeto \u201cBrincar \u00e9 Natural \u2013 inf\u00e2ncias, natureza e o sentir (se) humano\u201d, os pequenos foram at\u00e9 a rua ao lado da escola, onde estavam organizados, entre as esta\u00e7\u00f5es de brincadeiras, os bambol\u00eas, cordas e carrinhos de rolim\u00e3, para eles vivenciarem esse momento reunidos.<\/p>\n\n\n\n<figure class=\"wp-block-image\"><img decoding=\"async\" src=\"https:\/\/jundiai.sp.gov.br\/noticias\/wp-content\/uploads\/sites\/32\/2021\/12\/emeb-judith_ruas-de-brincar-168-2.jpg\" alt=\"Imagem ampla de uma rua com \u00e1rvores com diversas crian\u00e7as espalhadas de uniforme azul e branco. Encontra-se diversos bambol\u00eas rosas no ch\u00e3o com uma menina no ar, pulando dentro deles.\" class=\"wp-image-281728\" \/><figcaption>A turma dos pequenos se divertiu em diversas esta\u00e7\u00f5es de brincadeiras pela rua<\/figcaption><\/figure>\n\n\n\n<p>As crian\u00e7as se sentem livres para brincar em todos os espa\u00e7os e se divertem com os amigos, aprendendo a dividir e respeitar a vez do outro. \u201cCom essa atividade de hoje, n\u00f3s temos v\u00e1rias esta\u00e7\u00f5es do brincar, uma forma da crian\u00e7a explorar a natureza e o entorno dela\u201d, contou a professora do G5 A Joyce Surian, empolgada com o momento.&nbsp; \u201cA parte que eu mais gostei foi de pintar com giz de lousa com as minhas amigas\u201d, disse Rebeca Vit\u00f3ria Siqueira Silva, 4 anos.<\/p>\n\n\n\n<figure class=\"wp-block-image\"><img decoding=\"async\" src=\"https:\/\/jundiai.sp.gov.br\/noticias\/wp-content\/uploads\/sites\/32\/2021\/12\/emeb-judith_ruas-de-brincar-443-1.jpg\" alt=\"Uma aluna de uniforme azul e branco, e tiara com la\u00e7o est\u00e1 com o bambol\u00ea rosa em volta do corpo, girando. Ao fundo h\u00e1 uma professora segurando a corda com uma aluna para uma crian\u00e7a pular e diversos bambol\u00eas espalhados pelo ch\u00e3o.\" class=\"wp-image-281729\" \/><figcaption>\u00c9rica Beatriz estava empolgada com todas as brincadeiras<\/figcaption><\/figure>\n\n\n\n<p>As turminhas estavam contando os dias para a chegada dessa a\u00e7\u00e3o. Dentro da proposta do programa \u201cRuas de Brincar\u201d, est\u00e1 o resgate da inf\u00e2ncia, a viv\u00eancia das tradicionais brincadeiras e o explorar das ruas pr\u00f3ximas \u00e0 sua casa ou, nesse caso, da escola. Proporcionando um desenvolvimento cognitivo e socioafetivo e ressaltando a import\u00e2ncia da socializa\u00e7\u00e3o entre os colegas.<\/p>\n\n\n\n<p>\u00c9rica Beatriz Ayala Almeida, 6 anos, estava fascinada e contou que vivenciaram uma experi\u00eancia muito bonita. A a\u00e7\u00e3o acontece por meio do desemparedamento da Escola Inovadora, que proporciona o brincar em meio \u00e0 natureza e o explorar desse espa\u00e7o natural na intera\u00e7\u00e3o com o meio, viv\u00eancias importantes para serem praticadas em diversos ambientes da crian\u00e7a, implantando-a em seu dia a dia.<\/p>\n\n\n\n<p><strong><em>(Fonte\/Imagem: Prefeitura de Jundia\u00ed)<\/em><\/strong><\/p>\n","protected":false},"excerpt":{"rendered":"<p>A turma dos pequenos se divertiu em diversas esta\u00e7\u00f5es de brincadeiras pela rua.<\/p>\n","protected":false},"author":25,"featured_media":85772,"comment_status":"closed","ping_status":"closed","sticky":false,"template":"","format":"standard","meta":{"footnotes":""},"categories":[2828,1],"tags":[],"class_list":["post-85770","post","type-post","status-publish","format-standard","has-post-thumbnail","hentry","category-educacao","category-noticias"],"_links":{"self":[{"href":"https:\/\/tvtecjundiai.com.br\/news\/wp-json\/wp\/v2\/posts\/85770","targetHints":{"allow":["GET"]}}],"collection":[{"href":"https:\/\/tvtecjundiai.com.br\/news\/wp-json\/wp\/v2\/posts"}],"about":[{"href":"https:\/\/tvtecjundiai.com.br\/news\/wp-json\/wp\/v2\/types\/post"}],"author":[{"embeddable":true,"href":"https:\/\/tvtecjundiai.com.br\/news\/wp-json\/wp\/v2\/users\/25"}],"replies":[{"embeddable":true,"href":"https:\/\/tvtecjundiai.com.br\/news\/wp-json\/wp\/v2\/comments?post=85770"}],"version-history":[{"count":1,"href":"https:\/\/tvtecjundiai.com.br\/news\/wp-json\/wp\/v2\/posts\/85770\/revisions"}],"predecessor-version":[{"id":85775,"href":"https:\/\/tvtecjundiai.com.br\/news\/wp-json\/wp\/v2\/posts\/85770\/revisions\/85775"}],"wp:featuredmedia":[{"embeddable":true,"href":"https:\/\/tvtecjundiai.com.br\/news\/wp-json\/wp\/v2\/media\/85772"}],"wp:attachment":[{"href":"https:\/\/tvtecjundiai.com.br\/news\/wp-json\/wp\/v2\/media?parent=85770"}],"wp:term":[{"taxonomy":"category","embeddable":true,"href":"https:\/\/tvtecjundiai.com.br\/news\/wp-json\/wp\/v2\/categories?post=85770"},{"taxonomy":"post_tag","embeddable":true,"href":"https:\/\/tvtecjundiai.com.br\/news\/wp-json\/wp\/v2\/tags?post=85770"}],"curies":[{"name":"wp","href":"https:\/\/api.w.org\/{rel}","templated":true}]}}