{"id":85811,"date":"2021-12-06T09:12:43","date_gmt":"2021-12-06T12:12:43","guid":{"rendered":"https:\/\/tvtecjundiai.com.br\/news\/?p=85811"},"modified":"2021-12-06T09:12:56","modified_gmt":"2021-12-06T12:12:56","slug":"estao-abertas-as-matriculas-para-a-educacao-de-jovens-e-adultos-eja-em-jundiai","status":"publish","type":"post","link":"https:\/\/tvtecjundiai.com.br\/news\/2021\/12\/06\/estao-abertas-as-matriculas-para-a-educacao-de-jovens-e-adultos-eja-em-jundiai\/","title":{"rendered":"Est\u00e3o abertas as matr\u00edculas para a Educa\u00e7\u00e3o de Jovens e Adultos (EJA) em Jundia\u00ed"},"content":{"rendered":"\n<p>Jovens e adultos interessados em participar dos cursos dos Ensinos Fundamental e M\u00e9dio do Centro Municipal de Educa\u00e7\u00e3o de Jovens e Adultos (CMEJA) Prof. Dr. Andr\u00e9 Franco Montoro, departamento ligado \u00e0 Unidade de Gest\u00e3o de Educa\u00e7\u00e3o (UGE), devem fazer a matr\u00edcula para as aulas que ser\u00e3o iniciadas em fevereiro de 2022.&nbsp;<\/p>\n\n\n\n<p>No ato da matr\u00edcula, os interessados devem apresentar RG, hist\u00f3rico escolar e comprovante de resid\u00eancia. As matr\u00edculas devem ser realizadas pessoalmente na secretaria do CMEJA, que fica na rua Jos\u00e9 Patroc\u00ednio, 200, Vila Arens (Complexo Argos). O atendimento \u00e9 de segunda a sexta-feira, das 8h \u00e0s 20h. Informa\u00e7\u00f5es podem ser obtidas pelos telefones (11) 4587-3518.<\/p>\n\n\n\n<p>Para cursar o Ensino Fundamental \u00e9 necess\u00e1rio possuir 15 anos completos e para o Ensino M\u00e9dio, 18 anos completos. As aulas ocorrem no Centro Municipal de Educa\u00e7\u00e3o de Jovens e Adultos, no Complexo Argos e em n\u00facleos descentralizados.<\/p>\n\n\n\n<p>As aulas s\u00e3o realizadas tanto no Centro Municipal de Educa\u00e7\u00e3o de Jovens e Adultos, no Complexo Argos, como nos n\u00facleos descentralizados, localizados nos bairros: Jardim Tarum\u00e3, Engordadouro, Parque Almerinda Chaves, Jardim Santa Gertrudes, Jardim Novo Horizonte, Morada das Vinhas, Parque Continental e Vista Alegre.<\/p>\n\n\n\n<figure class=\"wp-block-image\"><img decoding=\"async\" src=\"https:\/\/jundiai.sp.gov.br\/noticias\/wp-content\/uploads\/sites\/32\/2021\/11\/cmeja_envelhecer_na_ativa-133.jpg\" alt=\"\" class=\"wp-image-281429\" \/><figcaption>Jovens e adultos devem fazer matr\u00edcula para os cursos em 2022<\/figcaption><\/figure>\n\n\n\n<p><strong><em>(Fonte\/Imagem: Prefeitura de Jundia\u00ed)<\/em><\/strong><\/p>\n","protected":false},"excerpt":{"rendered":"<p>No ato da matr\u00edcula, os interessados devem apresentar RG, hist\u00f3rico escolar e comprovante de resid\u00eancia. <\/p>\n","protected":false},"author":25,"featured_media":85812,"comment_status":"closed","ping_status":"closed","sticky":false,"template":"","format":"standard","meta":{"footnotes":""},"categories":[2828,1],"tags":[],"class_list":["post-85811","post","type-post","status-publish","format-standard","has-post-thumbnail","hentry","category-educacao","category-noticias"],"_links":{"self":[{"href":"https:\/\/tvtecjundiai.com.br\/news\/wp-json\/wp\/v2\/posts\/85811","targetHints":{"allow":["GET"]}}],"collection":[{"href":"https:\/\/tvtecjundiai.com.br\/news\/wp-json\/wp\/v2\/posts"}],"about":[{"href":"https:\/\/tvtecjundiai.com.br\/news\/wp-json\/wp\/v2\/types\/post"}],"author":[{"embeddable":true,"href":"https:\/\/tvtecjundiai.com.br\/news\/wp-json\/wp\/v2\/users\/25"}],"replies":[{"embeddable":true,"href":"https:\/\/tvtecjundiai.com.br\/news\/wp-json\/wp\/v2\/comments?post=85811"}],"version-history":[{"count":1,"href":"https:\/\/tvtecjundiai.com.br\/news\/wp-json\/wp\/v2\/posts\/85811\/revisions"}],"predecessor-version":[{"id":85813,"href":"https:\/\/tvtecjundiai.com.br\/news\/wp-json\/wp\/v2\/posts\/85811\/revisions\/85813"}],"wp:featuredmedia":[{"embeddable":true,"href":"https:\/\/tvtecjundiai.com.br\/news\/wp-json\/wp\/v2\/media\/85812"}],"wp:attachment":[{"href":"https:\/\/tvtecjundiai.com.br\/news\/wp-json\/wp\/v2\/media?parent=85811"}],"wp:term":[{"taxonomy":"category","embeddable":true,"href":"https:\/\/tvtecjundiai.com.br\/news\/wp-json\/wp\/v2\/categories?post=85811"},{"taxonomy":"post_tag","embeddable":true,"href":"https:\/\/tvtecjundiai.com.br\/news\/wp-json\/wp\/v2\/tags?post=85811"}],"curies":[{"name":"wp","href":"https:\/\/api.w.org\/{rel}","templated":true}]}}