{"id":8588,"date":"2018-04-10T10:04:55","date_gmt":"2018-04-10T13:04:55","guid":{"rendered":"https:\/\/tvtecjundiai.com.br\/news\/?p=8588"},"modified":"2018-04-10T10:19:34","modified_gmt":"2018-04-10T13:19:34","slug":"cidades-inclusao-produtiva-capacita-adolescentes-para-o-mercado-de-trabalho","status":"publish","type":"post","link":"https:\/\/tvtecjundiai.com.br\/news\/2018\/04\/10\/cidades-inclusao-produtiva-capacita-adolescentes-para-o-mercado-de-trabalho\/","title":{"rendered":"Cidades: &#8216;Inclus\u00e3o Produtiva&#8217; capacita adolescentes para mercado de trabalho"},"content":{"rendered":"<div id=\"attachment_8590\" style=\"width: 367px\" class=\"wp-caption alignleft\"><a href=\"https:\/\/tvtecjundiai.com.br\/news\/wp-content\/uploads\/sites\/2\/2018\/04\/pec-capacitando-ugads-anhanguera_c_-23-1.jpg\"><img loading=\"lazy\" decoding=\"async\" aria-describedby=\"caption-attachment-8590\" class=\"wp-image-8590\" src=\"https:\/\/tvtecjundiai.com.br\/news\/wp-content\/uploads\/sites\/2\/2018\/04\/pec-capacitando-ugads-anhanguera_c_-23-1-300x217.jpg\" alt=\"\" width=\"357\" height=\"258\" srcset=\"https:\/\/tvtecjundiai.com.br\/news\/wp-content\/uploads\/sites\/2\/2018\/04\/pec-capacitando-ugads-anhanguera_c_-23-1-300x217.jpg 300w, https:\/\/tvtecjundiai.com.br\/news\/wp-content\/uploads\/sites\/2\/2018\/04\/pec-capacitando-ugads-anhanguera_c_-23-1-768x555.jpg 768w, https:\/\/tvtecjundiai.com.br\/news\/wp-content\/uploads\/sites\/2\/2018\/04\/pec-capacitando-ugads-anhanguera_c_-23-1-1200x867.jpg 1200w, https:\/\/tvtecjundiai.com.br\/news\/wp-content\/uploads\/sites\/2\/2018\/04\/pec-capacitando-ugads-anhanguera_c_-23-1.jpg 1240w\" sizes=\"auto, (max-width: 357px) 100vw, 357px\" \/><\/a><p id=\"caption-attachment-8590\" class=\"wp-caption-text\">As oficinas s\u00e3o realizadas aos s\u00e1bados das 9h \u00e0s 12h na Faculdade Anhanguera<\/p><\/div>\n<p>O programa Inclus\u00e3o Produtiva capacita cerca de 150 adolescentes, entre 15 e 18 anos, participam de oficinas\u00a0que visam a qualifica\u00e7\u00e3o e encaminhamento de jovens em situa\u00e7\u00e3o de vulnerabilidade social ao mercado de trabalho<strong>.\u00a0<\/strong>Os encontros s\u00e3o resultado de uma parceria da Unidade de Gest\u00e3o de Assist\u00eancia e Desenvolvimento Social (UGADS) com o Centro Integra\u00e7\u00e3o Escola Empresa (CIEE) e com a Faculdade Anhanguera e s\u00e3o realizados na institui\u00e7\u00e3o de ensino aos s\u00e1bados, das 9h \u00e0s 12h, com dura\u00e7\u00e3o completa de tr\u00eas meses e entrega de certificado.<\/p>\n<p>Durante o curso, os jovens aprendem no\u00e7\u00f5es b\u00e1sicas de Inform\u00e1tica, recebem orienta\u00e7\u00f5es sobre entrevista, lideran\u00e7a e ambienta\u00e7\u00e3o profissional, al\u00e9m da elabora\u00e7\u00e3o de curr\u00edculo e marketing pessoal. Uma vez encerradas as capacita\u00e7\u00f5es, os jovens s\u00e3o encaminhados para contato com as empresas interessadas na contrata\u00e7\u00e3o.<\/p>\n<p><strong>Inclus\u00e3o Produtiva<\/strong><br \/>\nAtrav\u00e9s do fortalecimento de parcerias, a UGADS pretende ampliar a oferta de vagas nas pr\u00f3ximas edi\u00e7\u00f5es do curso. Somente em 2017 cerca de 330 adolescentes participaram do Inclus\u00e3o Produtiva. Para participar, os jovens interessados devem acessar o Centro de Refer\u00eancia de Assist\u00eancia Social (Cras) de seu respectivo territ\u00f3rio. A pr\u00f3xima edi\u00e7\u00e3o do programa est\u00e1 prevista para in\u00edcio no segundo semestre.<\/p>\n<p><em>Fonte: Prefeitura de Jundia\u00ed<\/em><\/p>\n","protected":false},"excerpt":{"rendered":"<p>Durante as oficinas s\u00e3o abordados assuntos como entrevistas de emprego e aspectos relacionados \u00e0 lideran\u00e7a<\/p>\n","protected":false},"author":11,"featured_media":8590,"comment_status":"closed","ping_status":"closed","sticky":false,"template":"","format":"standard","meta":{"footnotes":""},"categories":[1],"tags":[1178,1842,2799,45,884,136,2347],"class_list":["post-8588","post","type-post","status-publish","format-standard","has-post-thumbnail","hentry","category-noticias","tag-capacitacao","tag-fundacao-tve","tag-jovens","tag-mercado-de-trabalho","tag-oficinas","tag-rede-tvtec","tag-ugads"],"_links":{"self":[{"href":"https:\/\/tvtecjundiai.com.br\/news\/wp-json\/wp\/v2\/posts\/8588","targetHints":{"allow":["GET"]}}],"collection":[{"href":"https:\/\/tvtecjundiai.com.br\/news\/wp-json\/wp\/v2\/posts"}],"about":[{"href":"https:\/\/tvtecjundiai.com.br\/news\/wp-json\/wp\/v2\/types\/post"}],"author":[{"embeddable":true,"href":"https:\/\/tvtecjundiai.com.br\/news\/wp-json\/wp\/v2\/users\/11"}],"replies":[{"embeddable":true,"href":"https:\/\/tvtecjundiai.com.br\/news\/wp-json\/wp\/v2\/comments?post=8588"}],"version-history":[{"count":3,"href":"https:\/\/tvtecjundiai.com.br\/news\/wp-json\/wp\/v2\/posts\/8588\/revisions"}],"predecessor-version":[{"id":8596,"href":"https:\/\/tvtecjundiai.com.br\/news\/wp-json\/wp\/v2\/posts\/8588\/revisions\/8596"}],"wp:featuredmedia":[{"embeddable":true,"href":"https:\/\/tvtecjundiai.com.br\/news\/wp-json\/wp\/v2\/media\/8590"}],"wp:attachment":[{"href":"https:\/\/tvtecjundiai.com.br\/news\/wp-json\/wp\/v2\/media?parent=8588"}],"wp:term":[{"taxonomy":"category","embeddable":true,"href":"https:\/\/tvtecjundiai.com.br\/news\/wp-json\/wp\/v2\/categories?post=8588"},{"taxonomy":"post_tag","embeddable":true,"href":"https:\/\/tvtecjundiai.com.br\/news\/wp-json\/wp\/v2\/tags?post=8588"}],"curies":[{"name":"wp","href":"https:\/\/api.w.org\/{rel}","templated":true}]}}