{"id":85939,"date":"2021-12-09T09:57:18","date_gmt":"2021-12-09T12:57:18","guid":{"rendered":"https:\/\/tvtecjundiai.com.br\/news\/?p=85939"},"modified":"2021-12-09T09:57:22","modified_gmt":"2021-12-09T12:57:22","slug":"alunos-da-emeb-candelario-ficam-encantados-com-a-visita-por-todos-os-espacos-da-nova-escola","status":"publish","type":"post","link":"https:\/\/tvtecjundiai.com.br\/news\/2021\/12\/09\/alunos-da-emeb-candelario-ficam-encantados-com-a-visita-por-todos-os-espacos-da-nova-escola\/","title":{"rendered":"Alunos da EMEB Candel\u00e1rio ficam encantados com a visita por todos os espa\u00e7os da nova escola"},"content":{"rendered":"\n<p>Os alunos da EMEB Joaquim Candel\u00e1rio de Freitas realizaram uma visita especial na nova e maior unidade da Escola Inovadora de Jundia\u00ed, os 5\u00ba anos A e B vivenciaram momentos \u00fanicos com brilhos nos olhos ao conhecer todos os espa\u00e7os do local e ao plantar \u00e1rvores pelo entorno da escola. A a\u00e7\u00e3o foi acompanhada pela gestora de Educa\u00e7\u00e3o, Vast\u00ed Ferrari Marques.<\/p>\n\n\n\n<p>Os pequenos dos 5\u00b0 anos n\u00e3o conseguir\u00e3o estudar na escola municipal ano que vem, mas nunca a esquecer\u00e3o ap\u00f3s esse dia especial preparado para eles. Estavam todos gratos pela oportunidade de conhecer as salas de aula, quadra, biblioteca, audit\u00f3rio, horta escolar e todos os diferentes espa\u00e7os que est\u00e3o sendo finalizados. \u201cEstou gostando muito da escola e estava ansioso para conhecer, ficava olhando ela todos os dias pela janela da minha casa\u201d, contou emocionado o aluno Murilo Baggini Lopes da Silva, 10 anos.<\/p>\n\n\n\n<div class=\"wp-block-image\"><figure class=\"aligncenter size-large\"><img loading=\"lazy\" decoding=\"async\" width=\"1200\" height=\"800\" src=\"https:\/\/tvtecjundiai.com.br\/news\/wp-content\/uploads\/sites\/2\/2021\/12\/emeb_candelario_visita_escola-406-1200x800.jpg\" alt=\"\" class=\"wp-image-85940\" srcset=\"https:\/\/tvtecjundiai.com.br\/news\/wp-content\/uploads\/sites\/2\/2021\/12\/emeb_candelario_visita_escola-406-1200x800.jpg 1200w, https:\/\/tvtecjundiai.com.br\/news\/wp-content\/uploads\/sites\/2\/2021\/12\/emeb_candelario_visita_escola-406-300x200.jpg 300w, https:\/\/tvtecjundiai.com.br\/news\/wp-content\/uploads\/sites\/2\/2021\/12\/emeb_candelario_visita_escola-406-768x512.jpg 768w, https:\/\/tvtecjundiai.com.br\/news\/wp-content\/uploads\/sites\/2\/2021\/12\/emeb_candelario_visita_escola-406.jpg 1280w\" sizes=\"auto, (max-width: 1200px) 100vw, 1200px\" \/><\/figure><\/div>\n\n\n\n<p>Os pequenos deixaram uma marca especial na nova Candel\u00e1rio ao colocarem a m\u00e3o na massa para realizar o plantio de \u00e1rvores, em contato com a terra. \u201cEu nunca tinha plantado e n\u00e3o sabia como era o processo. Agora aprendi e ajudei, com os meus amigos, a colocar a muda no espa\u00e7o certo e a colocar terra em volta\u201d, conta Maria Eduarda Sella Damaceno, 11 anos.<\/p>\n\n\n\n<p>A participa\u00e7\u00e3o dos pequenos no processo de constru\u00e7\u00e3o da escola \u00e9 de grande import\u00e2ncia e arborizar os espa\u00e7os em volta dela tamb\u00e9m, deixando assim, a natureza sempre pr\u00f3xima e presente na vida deles. \u201cPara as crian\u00e7as foi uma experi\u00eancia \u00fanica, eles at\u00e9 nomearam a \u00e1rvore. Olha s\u00f3 como o amor, o carinho e o cuidado com as \u00e1reas verdes crescem neles. Com certeza levar\u00e3o esses momentos para a vida, estamos gratos de conhecer essa linda escola sendo finalizada\u201d, contou a professora Sandra Regina Furlan.<\/p>\n\n\n\n<figure class=\"wp-block-image\"><img decoding=\"async\" src=\"https:\/\/jundiai.sp.gov.br\/noticias\/wp-content\/uploads\/sites\/32\/2021\/12\/emeb_candelario_visita_escola-123.jpg\" alt=\"\" class=\"wp-image-282030\" \/><figcaption>Crian\u00e7as plantam \u00e1rvores na EMEB Candel\u00e1rio, que ser\u00e1 entregue na pr\u00f3xima ter\u00e7a-feira (14)<\/figcaption><\/figure>\n\n\n\n<p>Os tr\u00eas eixos do programa Escola Inovadora est\u00e3o presentes na EMEB Candel\u00e1rio: ambi\u00eancia escolar, qualidade de ensino e forma\u00e7\u00e3o de educadores, e a gestora comenta sobre a import\u00e2ncia dos pequenos visitarem o local. \u201cAo iniciar o ano letivo em 2022 eles j\u00e1 estar\u00e3o em outra escola, mas n\u00f3s preparamos com muito carinho atividades importantes e especiais que eles nunca esquecer\u00e3o. N\u00f3s esperamos marcar a vida deles porque eles marcaram a nossa, nos ajudaram a projetar o espa\u00e7o que hoje est\u00e1 como eles sonharam\u201d, finalizou Vast\u00ed.<\/p>\n\n\n\n<p><strong><em>(Fonte\/Imagem: Prefeitura de Jundia\u00ed)<\/em><\/strong><\/p>\n","protected":false},"excerpt":{"rendered":"<p>Os pequenos deixaram uma marca especial na nova Candel\u00e1rio ao realizarem o plantio de \u00e1rvores.<\/p>\n","protected":false},"author":25,"featured_media":85940,"comment_status":"closed","ping_status":"closed","sticky":false,"template":"","format":"standard","meta":{"footnotes":""},"categories":[2828,1],"tags":[],"class_list":["post-85939","post","type-post","status-publish","format-standard","has-post-thumbnail","hentry","category-educacao","category-noticias"],"_links":{"self":[{"href":"https:\/\/tvtecjundiai.com.br\/news\/wp-json\/wp\/v2\/posts\/85939","targetHints":{"allow":["GET"]}}],"collection":[{"href":"https:\/\/tvtecjundiai.com.br\/news\/wp-json\/wp\/v2\/posts"}],"about":[{"href":"https:\/\/tvtecjundiai.com.br\/news\/wp-json\/wp\/v2\/types\/post"}],"author":[{"embeddable":true,"href":"https:\/\/tvtecjundiai.com.br\/news\/wp-json\/wp\/v2\/users\/25"}],"replies":[{"embeddable":true,"href":"https:\/\/tvtecjundiai.com.br\/news\/wp-json\/wp\/v2\/comments?post=85939"}],"version-history":[{"count":1,"href":"https:\/\/tvtecjundiai.com.br\/news\/wp-json\/wp\/v2\/posts\/85939\/revisions"}],"predecessor-version":[{"id":85942,"href":"https:\/\/tvtecjundiai.com.br\/news\/wp-json\/wp\/v2\/posts\/85939\/revisions\/85942"}],"wp:featuredmedia":[{"embeddable":true,"href":"https:\/\/tvtecjundiai.com.br\/news\/wp-json\/wp\/v2\/media\/85940"}],"wp:attachment":[{"href":"https:\/\/tvtecjundiai.com.br\/news\/wp-json\/wp\/v2\/media?parent=85939"}],"wp:term":[{"taxonomy":"category","embeddable":true,"href":"https:\/\/tvtecjundiai.com.br\/news\/wp-json\/wp\/v2\/categories?post=85939"},{"taxonomy":"post_tag","embeddable":true,"href":"https:\/\/tvtecjundiai.com.br\/news\/wp-json\/wp\/v2\/tags?post=85939"}],"curies":[{"name":"wp","href":"https:\/\/api.w.org\/{rel}","templated":true}]}}