{"id":86006,"date":"2021-12-10T13:38:21","date_gmt":"2021-12-10T16:38:21","guid":{"rendered":"https:\/\/tvtecjundiai.com.br\/news\/?p=86006"},"modified":"2021-12-10T13:38:36","modified_gmt":"2021-12-10T16:38:36","slug":"programacao-cultural-traz-atracoes-do-jundiai-365-anos-festival-de-teatro-e-exposicoes","status":"publish","type":"post","link":"https:\/\/tvtecjundiai.com.br\/news\/2021\/12\/10\/programacao-cultural-traz-atracoes-do-jundiai-365-anos-festival-de-teatro-e-exposicoes\/","title":{"rendered":"Programa\u00e7\u00e3o cultural traz atra\u00e7\u00f5es do Jundia\u00ed 365 anos, Festival de Teatro e Exposi\u00e7\u00f5es"},"content":{"rendered":"\n<p>O fim de semana tem reservado uma s\u00e9rie de atividades culturais gratuitas, com programa\u00e7\u00e3o preparada pela Prefeitura, por meio da Unidade de Gest\u00e3o de Cultura (UGC). Entre esta sexta (10) e o domingo (12), as op\u00e7\u00f5es v\u00e3o desde as atra\u00e7\u00f5es do&nbsp;<a href=\"https:\/\/jundiai.sp.gov.br\/aniversario\/\">anivers\u00e1rio de 365 anos de Jundia\u00ed<\/a>, at\u00e9 a \u00faltima apresenta\u00e7\u00e3o do&nbsp;<a href=\"https:\/\/cultura.jundiai.sp.gov.br\/festeju\/\" target=\"_blank\" rel=\"noreferrer noopener\">5\u00ba Festival de Teatro de Jundia\u00ed (FESTEJU)<\/a>, as performances musicais e art\u00edsticas no Centro e as exposi\u00e7\u00f5es no Museu Hist\u00f3rico e Cultural \u2013 Solar do Bar\u00e3o e na Pinacoteca Municipal Di\u00f3genes Duarte Paes.<\/p>\n\n\n\n<p><strong>FESTEJU<\/strong><br>A programa\u00e7\u00e3o cultural do fim de semana come\u00e7a com a apresenta\u00e7\u00e3o da pe\u00e7a \u201cShakespeare Enigm\u00e1tico\u201d nesta sexta (10), \u00e0s 19h30, pelo&nbsp;<a href=\"https:\/\/cultura.jundiai.sp.gov.br\/festeju\/\" target=\"_blank\" rel=\"noreferrer noopener\">5\u00ba FESTEJU<\/a>. Parte da Cena Profissional, o espet\u00e1culo do N\u00facleo Teatral Arc\u00e1dia revisita a hist\u00f3ria de um dos dramaturgos ingleses mais importantes da Literatura e ser\u00e1 apresentado no Complexo Fepasa, que fica na avenida Uni\u00e3o dos Ferrovi\u00e1rios, 1760. A entrada \u00e9 gratuita.<\/p>\n\n\n\n<p><strong>Jundia\u00ed 365 anos<\/strong><br>Pela programa\u00e7\u00e3o do&nbsp;<a href=\"https:\/\/jundiai.sp.gov.br\/aniversario\/\" target=\"_blank\" rel=\"noreferrer noopener\">anivers\u00e1rio<\/a>, nesta sexta (10), com as interven\u00e7\u00f5es art\u00edsticas do Conex\u00e3o Cultural, que, a partir das 18h30, levam intera\u00e7\u00e3o para os terminais Hortol\u00e2ndia e Cecap.<\/p>\n\n\n\n<p>Para o fim de semana, ser\u00e3o montadas as Ruas de Brincar, espa\u00e7os destinados para interven\u00e7\u00f5es art\u00edsticas, culturais e de brincadeiras para a crian\u00e7ada. No s\u00e1bado (11), das 9h \u00e0s 12h, a montagem ser\u00e1 na Pra\u00e7a Governador Pedro de Toledo (Pra\u00e7a da Matriz). J\u00e1 no domingo (12), no mesmo hor\u00e1rio ela ser\u00e1 montada no Complexo Fepasa.<\/p>\n\n\n\n<p>No palco itinerante que percorre o Centro, nesta sexta (10), \u00e0s 19h tem \u201cQuitanda de Hist\u00f3rias\u201d, com Marcelo Raulino, e \u00e0s 20h tem Forr\u00f3 di Fole. E no s\u00e1bado (11) a atra\u00e7\u00e3o programada ser\u00e1 \u00e0s 11h30, com \u201cO Pai e Eu\u201d, com Lu\u00eds Carreiro e Geovanne. &nbsp;<\/p>\n\n\n\n<figure class=\"wp-block-image\"><img decoding=\"async\" src=\"https:\/\/jundiai.sp.gov.br\/noticias\/wp-content\/uploads\/sites\/32\/2021\/12\/coral-municipal-de-jundiai_solar-do-barao-35.jpg\" alt=\"\" class=\"wp-image-282135\" \/><figcaption>As vozes do Coral Municipal tamb\u00e9m far\u00e3o parte da programa\u00e7\u00e3o<\/figcaption><\/figure>\n\n\n\n<p>Os corpos art\u00edsticos vinculados \u00e0 Unidade de Gest\u00e3o de Cultura tamb\u00e9m fazem parte das comemora\u00e7\u00f5es do anivers\u00e1rio.<\/p>\n\n\n\n<p>O Coral Infantojuvenil Cidade das Crian\u00e7as, sob a reg\u00eancia de J\u00e9ssica Vieira, e o Coral Municipal de Jundia\u00ed (adulto), sob a reg\u00eancia de Vasti Atique, apresentam-se no Complexo Fepasa neste domingo (12), \u00e0s 11h, junto com as demais atra\u00e7\u00f5es voltadas para a crian\u00e7ada.<\/p>\n\n\n\n<p>J\u00e1 a Cia. Jovem de Dan\u00e7a apresenta, tanto no s\u00e1bado (11) quanto no domingo (12), \u00e0s 11h, o espet\u00e1culo \u201cInstagrimm\u201d, com concep\u00e7\u00e3o e dire\u00e7\u00e3o de Alex Soares. As apresenta\u00e7\u00f5es ser\u00e3o realizadas na F\u00e1brica das Inf\u00e2ncias Japy (antiga Tecelagem Japy), que fica na rua Lacerda Franco, 175, vila Arens. A entrada \u00e9 gratuita e para cada apresenta\u00e7\u00e3o o p\u00fablico m\u00e1ximo \u00e9 de 40 pessoas, por ordem de chegada.<\/p>\n\n\n\n<p>E a Orquestra Municipal de Jundia\u00ed (OMJ) apresenta no s\u00e1bado (11), \u00e0s 20h, e no domingo (12), 19h, um concerto especial em comemora\u00e7\u00e3o do anivers\u00e1rio de Jundia\u00ed e pelos 110 anos do Teatro Polytheama. O concerto no teatro contar\u00e1 com a participa\u00e7\u00e3o especial de convidados e ter\u00e1 tamb\u00e9m transmiss\u00e3o ao vivo pelos canais da Cultura no Facebook e YouTube. Quem preferir assistir ao espet\u00e1culo no teatro pode retirar os ingressos gratuitos pela<a href=\"https:\/\/bileto.sympla.com.br\/event\/70499\/d\/118179\" target=\"_blank\" rel=\"noreferrer noopener\">&nbsp;plataforma Sympla<\/a>&nbsp;ou na bilheteria do teatro.<\/p>\n\n\n\n<figure class=\"wp-block-image\"><img decoding=\"async\" src=\"https:\/\/jundiai.sp.gov.br\/noticias\/wp-content\/uploads\/sites\/32\/2021\/12\/ensaio-omj-17.jpg\" alt=\"\" class=\"wp-image-282128\" \/><figcaption>Ensaios da OMJ com os convidados para o espet\u00e1culo est\u00e3o a todo vapor<\/figcaption><\/figure>\n\n\n\n<p><strong>Pinacoteca<\/strong><br>Na Pinacoteca, as exposi\u00e7\u00f5es in\u00e9ditas \u201cChico Bento \u2013 60 Primaveras\u201d e \u201cJundia\u00ed Terra da HQ\u201d chegam \u00e0 reta final para visita\u00e7\u00f5es e podem ser conferidas at\u00e9 o pr\u00f3ximo domingo (19). O espa\u00e7o fica na rua Bar\u00e3o de Jundia\u00ed, 762, Centro, e fica aberto de ter\u00e7a a domingo, das 10h \u00e0s 17h, tamb\u00e9m com as exposi\u00e7\u00f5es de parte de seu acervo permanente.<\/p>\n\n\n\n<figure class=\"wp-block-image\"><img decoding=\"async\" src=\"https:\/\/jundiai.sp.gov.br\/noticias\/wp-content\/uploads\/sites\/32\/2021\/12\/exposicao-chico-bento_pinacoteca-238.jpg\" alt=\"\" class=\"wp-image-282127\" \/><figcaption>Exposi\u00e7\u00f5es ficam na Pinacoteca at\u00e9 o domingo (19)<\/figcaption><\/figure>\n\n\n\n<p><strong>Solar do Bar\u00e3o<\/strong><br>No Museu Hist\u00f3rico e Cultural segue aberta ao p\u00fablico a exposi\u00e7\u00e3o de pres\u00e9pios. Com mais de 400 instala\u00e7\u00f5es, a mostra traz pres\u00e9pios de diversas formas, mat\u00e9rias, tamanhos e propostas, com as contribui\u00e7\u00f5es de artistas e mun\u00edcipes.<\/p>\n\n\n\n<p>Pela programa\u00e7\u00e3o de anivers\u00e1rio, a Sala Jahyr Accioly de Souza receber\u00e1 as seguintes atra\u00e7\u00f5es musicais: nesta sexta-feira (10), \u00e0s 19h30, tem Sertanejo Premium, com Marcelo Gut; no s\u00e1bado (11), \u00e0s 11h, tem \u201cO Country \u00e9 demais!\u201d, com a Banda Blue Jean, e \u00e0s 14h, Banda Contra M\u00e3o.<\/p>\n\n\n\n<p>Tamb\u00e9m pela programa\u00e7\u00e3o do anivers\u00e1rio da cidade e de Natal, quem visitar os jardins do Solar do Bar\u00e3o \u00e0 noite poder\u00e1 conferir o \u201cCaminho de Luzes\u201d, atra\u00e7\u00e3o com 14 mil l\u00e2mpadas de LED, est\u00e1 localizada perto do acesso pela rua Rangel Pestana, que ficar\u00e1 aberto durante o per\u00edodo e que recentemente ganhou as interven\u00e7\u00f5es art\u00edsticas da campanha P\u00e9 de Inf\u00e2ncia.<\/p>\n\n\n\n<p>At\u00e9 o dia 23 de dezembro, o Museu funciona de segunda a sexta-feira, das 10h \u00e0s 21h, e aos s\u00e1bados e domingos, das 10h \u00e0s 17h. Ap\u00f3s o dia 23, o Museu abre todos os dias, das 10h \u00e0s 17h, com exce\u00e7\u00e3o dos dias 24, 25, 26 e 31 de dezembro, e 01 e 02 de janeiro, quando permanece fechado.<\/p>\n\n\n\n<figure class=\"wp-block-image\"><img decoding=\"async\" src=\"https:\/\/jundiai.sp.gov.br\/noticias\/wp-content\/uploads\/sites\/32\/2021\/12\/solar-do-barao-noturna-1.jpg\" alt=\"\" class=\"wp-image-282126\" \/><figcaption>Exposi\u00e7\u00e3o de pres\u00e9pios segue no Solar at\u00e9 o dia 06 de janeiro<\/figcaption><\/figure>\n\n\n\n<p><strong><em>(Fonte\/Imagem: Prefeitura de Jundia\u00ed)<\/em><\/strong><\/p>\n","protected":false},"excerpt":{"rendered":"<p>Entre esta sexta (10) e o domingo (12), as op\u00e7\u00f5es s\u00e3o muitas.<\/p>\n","protected":false},"author":25,"featured_media":86007,"comment_status":"closed","ping_status":"closed","sticky":false,"template":"","format":"standard","meta":{"footnotes":""},"categories":[2833,1],"tags":[],"class_list":["post-86006","post","type-post","status-publish","format-standard","has-post-thumbnail","hentry","category-cultura","category-noticias"],"_links":{"self":[{"href":"https:\/\/tvtecjundiai.com.br\/news\/wp-json\/wp\/v2\/posts\/86006","targetHints":{"allow":["GET"]}}],"collection":[{"href":"https:\/\/tvtecjundiai.com.br\/news\/wp-json\/wp\/v2\/posts"}],"about":[{"href":"https:\/\/tvtecjundiai.com.br\/news\/wp-json\/wp\/v2\/types\/post"}],"author":[{"embeddable":true,"href":"https:\/\/tvtecjundiai.com.br\/news\/wp-json\/wp\/v2\/users\/25"}],"replies":[{"embeddable":true,"href":"https:\/\/tvtecjundiai.com.br\/news\/wp-json\/wp\/v2\/comments?post=86006"}],"version-history":[{"count":1,"href":"https:\/\/tvtecjundiai.com.br\/news\/wp-json\/wp\/v2\/posts\/86006\/revisions"}],"predecessor-version":[{"id":86008,"href":"https:\/\/tvtecjundiai.com.br\/news\/wp-json\/wp\/v2\/posts\/86006\/revisions\/86008"}],"wp:featuredmedia":[{"embeddable":true,"href":"https:\/\/tvtecjundiai.com.br\/news\/wp-json\/wp\/v2\/media\/86007"}],"wp:attachment":[{"href":"https:\/\/tvtecjundiai.com.br\/news\/wp-json\/wp\/v2\/media?parent=86006"}],"wp:term":[{"taxonomy":"category","embeddable":true,"href":"https:\/\/tvtecjundiai.com.br\/news\/wp-json\/wp\/v2\/categories?post=86006"},{"taxonomy":"post_tag","embeddable":true,"href":"https:\/\/tvtecjundiai.com.br\/news\/wp-json\/wp\/v2\/tags?post=86006"}],"curies":[{"name":"wp","href":"https:\/\/api.w.org\/{rel}","templated":true}]}}