{"id":86013,"date":"2021-12-10T14:51:37","date_gmt":"2021-12-10T17:51:37","guid":{"rendered":"https:\/\/tvtecjundiai.com.br\/news\/?p=86013"},"modified":"2021-12-10T15:52:19","modified_gmt":"2021-12-10T18:52:19","slug":"de-marchi-abre-novas-vagas-de-emprego-em-jundiai-1","status":"publish","type":"post","link":"https:\/\/tvtecjundiai.com.br\/news\/2021\/12\/10\/de-marchi-abre-novas-vagas-de-emprego-em-jundiai-1\/","title":{"rendered":"De Marchi abre novas vagas de emprego para diferentes \u00e1reas em Jundia\u00ed"},"content":{"rendered":"\n<p>A <strong>De Marchi Ind\u00fastria e Com\u00e9rcio de Frutas Ltda<\/strong> anunciou nesta semana novas vagas de emprego em Jundia\u00ed e regi\u00e3o. O conglomerado de empresas, fundado em 1942, atua desde o cultivo em grande escala de frutas, legumes e verduras, at\u00e9 a produ\u00e7\u00e3o de alimentos congelados e comercializa\u00e7\u00e3o de alimentos \u201cin natura\u201d para o Brasil e Exterior.<\/p>\n\n\n\n<p>Os interessados devem enviar seus curr\u00edculos para o e-mail rh@demarchi.com.br<\/p>\n\n\n\n<div class=\"wp-block-image\"><figure class=\"aligncenter size-large is-resized\"><img loading=\"lazy\" decoding=\"async\" src=\"https:\/\/tvtecjundiai.com.br\/news\/wp-content\/uploads\/sites\/2\/2021\/12\/De-Marchi-tem-vagas-de-emprego-abertas-em-Jundiai-nesta-quarta-feira-27-1200x674.jpeg\" alt=\"\" class=\"wp-image-86017\" width=\"695\" height=\"389\" srcset=\"https:\/\/tvtecjundiai.com.br\/news\/wp-content\/uploads\/sites\/2\/2021\/12\/De-Marchi-tem-vagas-de-emprego-abertas-em-Jundiai-nesta-quarta-feira-27-1200x674.jpeg 1200w, https:\/\/tvtecjundiai.com.br\/news\/wp-content\/uploads\/sites\/2\/2021\/12\/De-Marchi-tem-vagas-de-emprego-abertas-em-Jundiai-nesta-quarta-feira-27-300x169.jpeg 300w, https:\/\/tvtecjundiai.com.br\/news\/wp-content\/uploads\/sites\/2\/2021\/12\/De-Marchi-tem-vagas-de-emprego-abertas-em-Jundiai-nesta-quarta-feira-27-1536x863.jpeg 1536w\" sizes=\"auto, (max-width: 695px) 100vw, 695px\" \/><\/figure><\/div>\n\n\n\n<p>Confira abaixo as oportunidades e requisitos:<\/p>\n\n\n\n<p><strong>Assistente Administrativo<\/strong><\/p>\n\n\n\n<p>Requisitos:<\/p>\n\n\n\n<ul class=\"wp-block-list\"><li>Excel Avan\u00e7ado<\/li><li>Ensino M\u00e9dio completo<\/li><\/ul>\n\n\n\n<p><strong>Assistente de log\u00edstica com foco em transportes<\/strong><\/p>\n\n\n\n<p>Requisitos: <\/p>\n\n\n\n<ul class=\"wp-block-list\"><li>Cursando Log\u00edstica ou Administra\u00e7\u00e3o<\/li><\/ul>\n\n\n\n<p><strong>Assistente de RH<\/strong><\/p>\n\n\n\n<p>Requisitos: <\/p>\n\n\n\n<ul class=\"wp-block-list\"><li>Cursando ou Superior completo em RH<\/li><\/ul>\n\n\n\n<p><strong>Est\u00e1gio em RH<\/strong><\/p>\n\n\n\n<p>Requisitos: <\/p>\n\n\n\n<ul class=\"wp-block-list\"><li>Cursando Recursos Humanos<\/li><\/ul>\n\n\n\n<p><strong>Est\u00e1gio em Contabilidade<\/strong><\/p>\n\n\n\n<p>Requisitos:<\/p>\n\n\n\n<ul class=\"wp-block-list\"><li>Cursando Contabilidade ou Administra\u00e7\u00e3o<\/li><\/ul>\n\n\n\n<p><strong>Est\u00e1gio em Laborat\u00f3rio<\/strong><\/p>\n\n\n\n<p>Requisitos:<\/p>\n\n\n\n<ul class=\"wp-block-list\"><li>Cursando Nutri\u00e7\u00e3o ou T\u00e9cnico em Alimentos<\/li><\/ul>\n\n\n\n<p><strong>Est\u00e1gio em Desenvolvimento de produtos<\/strong><\/p>\n\n\n\n<p>Requisitos:<\/p>\n\n\n\n<ul class=\"wp-block-list\"><li>Cursando Engenharia de Alimentos, Engenharia Qu\u00edmica, Farm\u00e1cia-Bioqu\u00edmica, Ci\u00eancia de Alimentos ou Qu\u00edmica<\/li><\/ul>\n\n\n\n<p><strong>Aprendiz<\/strong><\/p>\n\n\n\n<p>Requisitos:<\/p>\n\n\n\n<ul class=\"wp-block-list\"><li>Ter mais de 18 anos<\/li><\/ul>\n\n\n\n<p><strong><em>(Fonte\/Imagem: De Marchi Ltda)<\/em><\/strong><\/p>\n","protected":false},"excerpt":{"rendered":"<p>Interessados em preencher as vagas devem enviar seus curr\u00edculos por e-mail.<\/p>\n","protected":false},"author":25,"featured_media":86017,"comment_status":"closed","ping_status":"closed","sticky":false,"template":"","format":"standard","meta":{"footnotes":""},"categories":[5038,8356,1],"tags":[],"class_list":["post-86013","post","type-post","status-publish","format-standard","has-post-thumbnail","hentry","category-emprego","category-jundiai","category-noticias"],"_links":{"self":[{"href":"https:\/\/tvtecjundiai.com.br\/news\/wp-json\/wp\/v2\/posts\/86013","targetHints":{"allow":["GET"]}}],"collection":[{"href":"https:\/\/tvtecjundiai.com.br\/news\/wp-json\/wp\/v2\/posts"}],"about":[{"href":"https:\/\/tvtecjundiai.com.br\/news\/wp-json\/wp\/v2\/types\/post"}],"author":[{"embeddable":true,"href":"https:\/\/tvtecjundiai.com.br\/news\/wp-json\/wp\/v2\/users\/25"}],"replies":[{"embeddable":true,"href":"https:\/\/tvtecjundiai.com.br\/news\/wp-json\/wp\/v2\/comments?post=86013"}],"version-history":[{"count":2,"href":"https:\/\/tvtecjundiai.com.br\/news\/wp-json\/wp\/v2\/posts\/86013\/revisions"}],"predecessor-version":[{"id":86023,"href":"https:\/\/tvtecjundiai.com.br\/news\/wp-json\/wp\/v2\/posts\/86013\/revisions\/86023"}],"wp:featuredmedia":[{"embeddable":true,"href":"https:\/\/tvtecjundiai.com.br\/news\/wp-json\/wp\/v2\/media\/86017"}],"wp:attachment":[{"href":"https:\/\/tvtecjundiai.com.br\/news\/wp-json\/wp\/v2\/media?parent=86013"}],"wp:term":[{"taxonomy":"category","embeddable":true,"href":"https:\/\/tvtecjundiai.com.br\/news\/wp-json\/wp\/v2\/categories?post=86013"},{"taxonomy":"post_tag","embeddable":true,"href":"https:\/\/tvtecjundiai.com.br\/news\/wp-json\/wp\/v2\/tags?post=86013"}],"curies":[{"name":"wp","href":"https:\/\/api.w.org\/{rel}","templated":true}]}}