{"id":86303,"date":"2021-12-17T09:15:12","date_gmt":"2021-12-17T12:15:12","guid":{"rendered":"https:\/\/tvtecjundiai.com.br\/news\/?p=86303"},"modified":"2021-12-17T09:35:20","modified_gmt":"2021-12-17T12:35:20","slug":"defesa-civil-de-jundiai-faz-vistorias-em-bairros-apos-fortes-chuvas-1","status":"publish","type":"post","link":"https:\/\/tvtecjundiai.com.br\/news\/2021\/12\/17\/defesa-civil-de-jundiai-faz-vistorias-em-bairros-apos-fortes-chuvas-1\/","title":{"rendered":"Defesa Civil de Jundia\u00ed faz vistoria em bairros ap\u00f3s forte chuva"},"content":{"rendered":"\n<p>Em raz\u00e3o das fortes chuvas registradas na noite desta quinta-feira (16), a Defesa Civil de Jundia\u00ed&nbsp;fez vistorias em v\u00e1rios bairros da cidade.&nbsp;Ao longo da noite e madrugada desta sexta-feira (17),&nbsp; foram vistoriadas oito casas, com registro de um alagamento (Caxambu) e um desabamento&nbsp;de resid\u00eancia (S\u00e3o Camilo). N\u00e3o h\u00e1 v\u00edtimas fatais.<\/p>\n\n\n\n<div class=\"wp-block-image\"><figure class=\"aligncenter size-large is-resized\"><img loading=\"lazy\" decoding=\"async\" src=\"https:\/\/tvtecjundiai.com.br\/news\/wp-content\/uploads\/sites\/2\/2021\/12\/WhatsApp-Image-2021-12-17-at-09.11.58-1200x757.jpeg\" alt=\"\" class=\"wp-image-86305\" width=\"740\" height=\"466\" srcset=\"https:\/\/tvtecjundiai.com.br\/news\/wp-content\/uploads\/sites\/2\/2021\/12\/WhatsApp-Image-2021-12-17-at-09.11.58-1200x757.jpeg 1200w, https:\/\/tvtecjundiai.com.br\/news\/wp-content\/uploads\/sites\/2\/2021\/12\/WhatsApp-Image-2021-12-17-at-09.11.58-300x189.jpeg 300w, https:\/\/tvtecjundiai.com.br\/news\/wp-content\/uploads\/sites\/2\/2021\/12\/WhatsApp-Image-2021-12-17-at-09.11.58-768x484.jpeg 768w, https:\/\/tvtecjundiai.com.br\/news\/wp-content\/uploads\/sites\/2\/2021\/12\/WhatsApp-Image-2021-12-17-at-09.11.58.jpeg 1280w\" sizes=\"auto, (max-width: 740px) 100vw, 740px\" \/><\/figure><\/div>\n\n\n\n<p>Sete fam\u00edlias foram retiradas de suas resid\u00eancias em decorr\u00eancia de alto risco de deslizamento e foram alojadas em casas de parentes. T\u00e9cnicos da Unidade de Gest\u00e3o de Assist\u00eancia e Desenvolvimento Social (UGADS) visitar\u00e3o lares nesta manh\u00e3 para a oferta de atendimento necess\u00e1rio.&nbsp;A Funda\u00e7\u00e3o Municipal de A\u00e7\u00e3o Social (Fumas) tamb\u00e9m far\u00e1 vistorias para o atendimento \u00e0s fam\u00edlias e provid\u00eancias necess\u00e1rias.<\/p>\n\n\n\n<p>Tamb\u00e9m foram registrados pontos de alagamentos e lama em vias urbanas em decorr\u00eancia do grande volume de chuva. As \u00e1reas receber\u00e3o limpeza na manh\u00e3 desta sexta-feira (18).<\/p>\n\n\n\n<p>A precipita\u00e7\u00e3o volumosa foi alertada no in\u00edcio da semana pelo \u00f3rg\u00e3o municipal. O ponto com maior acumulado de chuva em 72 horas foi a regi\u00e3o do Santa Gertrudes, com 130mm.<\/p>\n\n\n\n<p>A Defesa Civil mant\u00e9m o trabalho ao longo do dia para a vistoria de \u00e1reas com alto \u00edndice pluviom\u00e9trico, bem como acompanhar\u00e1 a visita de t\u00e9cnicos do N\u00facleo de Gerenciamento de Emerg\u00eancia da Coordenadoria Estadual de Prote\u00e7\u00e3o e Defesa Civil do Estado (CEPDEC), a partir do Instituto de Pesquisas Tecnol\u00f3gicos (IPT), no local do desabamento, como prev\u00ea o Plano Opera\u00e7\u00e3o Chuvas de Ver\u00e3o, Decreto 30.689 de 25 de novembro de 2021.<\/p>\n\n\n\n<p><strong><em>(Fonte\/Imagem: Prefeitura de Jundia\u00ed)<\/em><\/strong><\/p>\n","protected":false},"excerpt":{"rendered":"<p>Foram vistoriadas oito casas, com registro de um alagamento e um desabamento.<\/p>\n","protected":false},"author":25,"featured_media":86305,"comment_status":"closed","ping_status":"closed","sticky":false,"template":"","format":"standard","meta":{"footnotes":""},"categories":[8356,1,4831],"tags":[],"class_list":["post-86303","post","type-post","status-publish","format-standard","has-post-thumbnail","hentry","category-jundiai","category-noticias","category-seguranca"],"_links":{"self":[{"href":"https:\/\/tvtecjundiai.com.br\/news\/wp-json\/wp\/v2\/posts\/86303","targetHints":{"allow":["GET"]}}],"collection":[{"href":"https:\/\/tvtecjundiai.com.br\/news\/wp-json\/wp\/v2\/posts"}],"about":[{"href":"https:\/\/tvtecjundiai.com.br\/news\/wp-json\/wp\/v2\/types\/post"}],"author":[{"embeddable":true,"href":"https:\/\/tvtecjundiai.com.br\/news\/wp-json\/wp\/v2\/users\/25"}],"replies":[{"embeddable":true,"href":"https:\/\/tvtecjundiai.com.br\/news\/wp-json\/wp\/v2\/comments?post=86303"}],"version-history":[{"count":2,"href":"https:\/\/tvtecjundiai.com.br\/news\/wp-json\/wp\/v2\/posts\/86303\/revisions"}],"predecessor-version":[{"id":86313,"href":"https:\/\/tvtecjundiai.com.br\/news\/wp-json\/wp\/v2\/posts\/86303\/revisions\/86313"}],"wp:featuredmedia":[{"embeddable":true,"href":"https:\/\/tvtecjundiai.com.br\/news\/wp-json\/wp\/v2\/media\/86305"}],"wp:attachment":[{"href":"https:\/\/tvtecjundiai.com.br\/news\/wp-json\/wp\/v2\/media?parent=86303"}],"wp:term":[{"taxonomy":"category","embeddable":true,"href":"https:\/\/tvtecjundiai.com.br\/news\/wp-json\/wp\/v2\/categories?post=86303"},{"taxonomy":"post_tag","embeddable":true,"href":"https:\/\/tvtecjundiai.com.br\/news\/wp-json\/wp\/v2\/tags?post=86303"}],"curies":[{"name":"wp","href":"https:\/\/api.w.org\/{rel}","templated":true}]}}