{"id":86437,"date":"2021-12-21T09:11:08","date_gmt":"2021-12-21T12:11:08","guid":{"rendered":"https:\/\/tvtecjundiai.com.br\/news\/?p=86437"},"modified":"2021-12-21T09:11:09","modified_gmt":"2021-12-21T12:11:09","slug":"exposicoes-da-pinacoteca-garantem-recorde-de-mais-de-95-mil-visitantes","status":"publish","type":"post","link":"https:\/\/tvtecjundiai.com.br\/news\/2021\/12\/21\/exposicoes-da-pinacoteca-garantem-recorde-de-mais-de-95-mil-visitantes\/","title":{"rendered":"Exposi\u00e7\u00f5es da Pinacoteca garantem recorde de mais de 9,5 mil visitantes"},"content":{"rendered":"\n<p>Com o t\u00e9rmino das exposi\u00e7\u00f5es Chico Bento \u2013 60 Primaveras e Jundia\u00ed Terra da HQ nesse domingo (19), a Pinacoteca Municipal Di\u00f3genes Duarte Paes chegou \u00e0 marca de 9.577 visitantes. Em pouco menos de quatro meses ap\u00f3s a sua reabertura com as mostras in\u00e9ditas, a Pinacoteca ultrapassou com folga todos os recordes de visita\u00e7\u00f5es no local.<\/p>\n\n\n\n<p>Os 1.700 visitantes de 2016 foram ultrapassados em pouco mais de uma semana da reabertura do espa\u00e7o, em 28 de agosto. J\u00e1 os 3.360 visitantes de 2017 foram superados em tr\u00eas semanas. As 4.863 pessoas que estiveram no local em 2018 foram ultrapassadas j\u00e1 no m\u00eas de outubro. E os 7.816 de 2019 haviam sido superadas no dia 07 de novembro.<\/p>\n\n\n\n<div class=\"wp-block-image\"><figure class=\"aligncenter size-large is-resized\"><img loading=\"lazy\" decoding=\"async\" src=\"https:\/\/tvtecjundiai.com.br\/news\/wp-content\/uploads\/sites\/2\/2021\/12\/exposicao-chico-bento_pinacoteca-146-1200x800.jpg\" alt=\"\" class=\"wp-image-86438\" width=\"776\" height=\"517\" srcset=\"https:\/\/tvtecjundiai.com.br\/news\/wp-content\/uploads\/sites\/2\/2021\/12\/exposicao-chico-bento_pinacoteca-146-1200x800.jpg 1200w, https:\/\/tvtecjundiai.com.br\/news\/wp-content\/uploads\/sites\/2\/2021\/12\/exposicao-chico-bento_pinacoteca-146-300x200.jpg 300w, https:\/\/tvtecjundiai.com.br\/news\/wp-content\/uploads\/sites\/2\/2021\/12\/exposicao-chico-bento_pinacoteca-146-768x512.jpg 768w, https:\/\/tvtecjundiai.com.br\/news\/wp-content\/uploads\/sites\/2\/2021\/12\/exposicao-chico-bento_pinacoteca-146.jpg 1280w\" sizes=\"auto, (max-width: 776px) 100vw, 776px\" \/><figcaption>Abertura das exposi\u00e7\u00f5es contou com a participa\u00e7\u00e3o de Mauricio de Sousa, por videoconfer\u00eancia<\/figcaption><\/figure><\/div>\n\n\n\n<p>\u201cPara a reabertura da Pinacoteca, desej\u00e1vamos contar com exposi\u00e7\u00f5es que trouxessem a popula\u00e7\u00e3o de volta aos nossos equipamentos culturais. Devido ao sucesso das primeiras semanas, decidimos prorrogar o per\u00edodo de exibi\u00e7\u00e3o, incialmente previsto para somente at\u00e9 o final de outubro. Chegamos ent\u00e3o a esta feliz marca, que reflete a concretiza\u00e7\u00e3o do nosso desejo durante a pandemia de ver as pessoas ocupando os espa\u00e7os p\u00fablicos e tendo uma experi\u00eancia transformadora atrav\u00e9s da Cultura\u201d, comemorou o gestor de Cultura, Marcelo Peroni.<\/p>\n\n\n\n<p>Ambas in\u00e9ditas, as exposi\u00e7\u00f5es \u201cChico Bento \u2013 60 Primaveras\u201d e \u201cJundia\u00ed Terra da HQ\u201d retrataram o universo das hist\u00f3rias em quadrinhos. A primeira, com curadoria de Jacqueline Mouradian, reproduziu a Vila Abobrinha das produ\u00e7\u00f5es Mauricio de Sousa para comemorar os 60 anos do personagem caipira mais querido das hist\u00f3rias em quadrinhos. J\u00e1 a segunda, com a curadoria de Ede Galileu, trouxe os trabalhos desenvolvidos por 28 quadrinistas da regi\u00e3o.<\/p>\n\n\n\n<p>Para a desmontagem das exposi\u00e7\u00f5es e manuten\u00e7\u00e3o de rotina, a Pinacoteca permanece fechada neste per\u00edodo. O espa\u00e7o reabre em janeiro, com oficinas gratuitas para o p\u00fablico infantojuvenil pelo programa \u201cF\u00e9rias na Pinacoteca\u201d.<\/p>\n\n\n\n<div class=\"wp-block-image\"><figure class=\"aligncenter size-large is-resized\"><img loading=\"lazy\" decoding=\"async\" src=\"https:\/\/tvtecjundiai.com.br\/news\/wp-content\/uploads\/sites\/2\/2021\/12\/exposicao-chico-bento_pinacoteca-347-1200x800.jpg\" alt=\"\" class=\"wp-image-86439\" width=\"774\" height=\"516\" srcset=\"https:\/\/tvtecjundiai.com.br\/news\/wp-content\/uploads\/sites\/2\/2021\/12\/exposicao-chico-bento_pinacoteca-347-1200x800.jpg 1200w, https:\/\/tvtecjundiai.com.br\/news\/wp-content\/uploads\/sites\/2\/2021\/12\/exposicao-chico-bento_pinacoteca-347-300x200.jpg 300w, https:\/\/tvtecjundiai.com.br\/news\/wp-content\/uploads\/sites\/2\/2021\/12\/exposicao-chico-bento_pinacoteca-347-768x512.jpg 768w, https:\/\/tvtecjundiai.com.br\/news\/wp-content\/uploads\/sites\/2\/2021\/12\/exposicao-chico-bento_pinacoteca-347.jpg 1280w\" sizes=\"auto, (max-width: 774px) 100vw, 774px\" \/><figcaption>Exposi\u00e7\u00f5es retrataram o universo das hist\u00f3rias em quadrinhos<\/figcaption><\/figure><\/div>\n\n\n\n<p><strong><em>(Fonte\/Imagem: Prefeitura de Jundia\u00ed)<\/em><\/strong><\/p>\n","protected":false},"excerpt":{"rendered":"<p>Em pouco menos de quatro meses, o espa\u00e7o ultrapassou todos os seus recordes de visita\u00e7\u00f5es.<\/p>\n","protected":false},"author":25,"featured_media":86438,"comment_status":"closed","ping_status":"closed","sticky":false,"template":"","format":"standard","meta":{"footnotes":""},"categories":[2833,8356,8354,1],"tags":[],"class_list":["post-86437","post","type-post","status-publish","format-standard","has-post-thumbnail","hentry","category-cultura","category-jundiai","category-lazer","category-noticias"],"_links":{"self":[{"href":"https:\/\/tvtecjundiai.com.br\/news\/wp-json\/wp\/v2\/posts\/86437","targetHints":{"allow":["GET"]}}],"collection":[{"href":"https:\/\/tvtecjundiai.com.br\/news\/wp-json\/wp\/v2\/posts"}],"about":[{"href":"https:\/\/tvtecjundiai.com.br\/news\/wp-json\/wp\/v2\/types\/post"}],"author":[{"embeddable":true,"href":"https:\/\/tvtecjundiai.com.br\/news\/wp-json\/wp\/v2\/users\/25"}],"replies":[{"embeddable":true,"href":"https:\/\/tvtecjundiai.com.br\/news\/wp-json\/wp\/v2\/comments?post=86437"}],"version-history":[{"count":1,"href":"https:\/\/tvtecjundiai.com.br\/news\/wp-json\/wp\/v2\/posts\/86437\/revisions"}],"predecessor-version":[{"id":86440,"href":"https:\/\/tvtecjundiai.com.br\/news\/wp-json\/wp\/v2\/posts\/86437\/revisions\/86440"}],"wp:featuredmedia":[{"embeddable":true,"href":"https:\/\/tvtecjundiai.com.br\/news\/wp-json\/wp\/v2\/media\/86438"}],"wp:attachment":[{"href":"https:\/\/tvtecjundiai.com.br\/news\/wp-json\/wp\/v2\/media?parent=86437"}],"wp:term":[{"taxonomy":"category","embeddable":true,"href":"https:\/\/tvtecjundiai.com.br\/news\/wp-json\/wp\/v2\/categories?post=86437"},{"taxonomy":"post_tag","embeddable":true,"href":"https:\/\/tvtecjundiai.com.br\/news\/wp-json\/wp\/v2\/tags?post=86437"}],"curies":[{"name":"wp","href":"https:\/\/api.w.org\/{rel}","templated":true}]}}