{"id":86444,"date":"2021-12-21T09:26:17","date_gmt":"2021-12-21T12:26:17","guid":{"rendered":"https:\/\/tvtecjundiai.com.br\/news\/?p=86444"},"modified":"2021-12-21T09:26:29","modified_gmt":"2021-12-21T12:26:29","slug":"corais-adulto-e-infantojuvenil-de-jundiai-abrem-inscricoes-para-novos-integrantes","status":"publish","type":"post","link":"https:\/\/tvtecjundiai.com.br\/news\/2021\/12\/21\/corais-adulto-e-infantojuvenil-de-jundiai-abrem-inscricoes-para-novos-integrantes\/","title":{"rendered":"Corais adulto e infantojuvenil de Jundia\u00ed abrem inscri\u00e7\u00f5es para novos integrantes"},"content":{"rendered":"\n<p>O Coral Infantojuvenil Cidade das Crian\u00e7as e o Coral Municipal de Jundia\u00ed (adulto), corpos art\u00edsticos ligados \u00e0 Unidade de Gest\u00e3o de Cultura (UGC), est\u00e3o com inscri\u00e7\u00f5es abertas para novas vozes. Assim como a participa\u00e7\u00e3o nos grupos, as inscri\u00e7\u00f5es s\u00e3o gratuitas e devem ser realizadas at\u00e9 o dia 22 de janeiro.<\/p>\n\n\n\n<p>Para o Coral Infantojuvenil Cidade das Crian\u00e7as podem se inscrever pelo&nbsp;<a href=\"https:\/\/cultura.jundiai.sp.gov.br\/coral-infantojuvenil-cidade-das-criancas\/\" target=\"_blank\" rel=\"noreferrer noopener\">site da Cultura<\/a>&nbsp;crian\u00e7as e jovens de oito a 11 anos. Os ensaios s\u00e3o realizados \u00e0s ter\u00e7as-feiras, \u00e0s 18h, na Sala dos Rel\u00f3gios, que fica no Complexo Fepasa (avenida Uni\u00e3o dos Ferrovi\u00e1rios, 1760), com a reg\u00eancia de J\u00e9ssica Vieira.<\/p>\n\n\n\n<p>J\u00e1 para o Coral Municipal adulto, podem se inscrever tamb\u00e9m pelo\u00a0<a rel=\"noreferrer noopener\" href=\"https:\/\/cultura.jundiai.sp.gov.br\/coral-municipal-de-jundiai\/\" target=\"_blank\">site da Cultura<\/a>\u00a0os interessados maiores de 18 anos. Com reg\u00eancia de Vasti Atique, os ensaios s\u00e3o realizados \u00e0s ter\u00e7as e quintas-feiras, \u00e0s 19h30, tamb\u00e9m na Sala dos Rel\u00f3gios.<\/p>\n\n\n\n<figure class=\"wp-block-image size-large\"><img loading=\"lazy\" decoding=\"async\" width=\"1200\" height=\"800\" src=\"https:\/\/tvtecjundiai.com.br\/news\/wp-content\/uploads\/sites\/2\/2021\/12\/coral_infantojuvenil_cidade_das_criancas_complexo_fepasa-1200x800.jpg\" alt=\"\" class=\"wp-image-86447\" srcset=\"https:\/\/tvtecjundiai.com.br\/news\/wp-content\/uploads\/sites\/2\/2021\/12\/coral_infantojuvenil_cidade_das_criancas_complexo_fepasa-1200x800.jpg 1200w, https:\/\/tvtecjundiai.com.br\/news\/wp-content\/uploads\/sites\/2\/2021\/12\/coral_infantojuvenil_cidade_das_criancas_complexo_fepasa-300x200.jpg 300w, https:\/\/tvtecjundiai.com.br\/news\/wp-content\/uploads\/sites\/2\/2021\/12\/coral_infantojuvenil_cidade_das_criancas_complexo_fepasa-768x512.jpg 768w, https:\/\/tvtecjundiai.com.br\/news\/wp-content\/uploads\/sites\/2\/2021\/12\/coral_infantojuvenil_cidade_das_criancas_complexo_fepasa.jpg 1280w\" sizes=\"auto, (max-width: 1200px) 100vw, 1200px\" \/><figcaption>Os corais municipais s\u00e3o corpos art\u00edsticos ligados \u00e0 Unidade de Gest\u00e3o de Cultura<\/figcaption><\/figure>\n\n\n\n<p>\u201cOs corpos art\u00edsticos ligados \u00e0 UGC s\u00e3o importantes formas de fomento \u00e0s diversas linguagens art\u00edsticas, enriquecendo o cen\u00e1rio cultural da cidade. Grande prova disso foi o que vimos durante as comemora\u00e7\u00f5es dos 365 anos de Jundia\u00ed, em que, al\u00e9m da Cia. Jovem de Dan\u00e7a e da Orquestra Municipal, os coros municipais tiveram presen\u00e7a irretoc\u00e1vel na programa\u00e7\u00e3o. Por isso fica aqui o nosso convite para os interessados, para que se inscrevam e participem dos nossos coros\u201d, explica o gestor de Cultura, Marcelo Peroni.<\/p>\n\n\n\n<p>As audi\u00e7\u00f5es ser\u00e3o presenciais, nos dias 25 e 27 de janeiro, tamb\u00e9m na Sala dos Rel\u00f3gios, conforme agendamento junto aos inscritos.<\/p>\n\n\n\n<p><strong><em>(Fonte\/Imagem: Prefeitura de Jundia\u00ed)<\/em><\/strong><\/p>\n","protected":false},"excerpt":{"rendered":"<p>As inscri\u00e7\u00f5es s\u00e3o gratuitas e devem ser realizadas at\u00e9 o dia 22 de janeiro.<\/p>\n","protected":false},"author":25,"featured_media":86447,"comment_status":"closed","ping_status":"closed","sticky":false,"template":"","format":"standard","meta":{"footnotes":""},"categories":[2833,8356,1],"tags":[],"class_list":["post-86444","post","type-post","status-publish","format-standard","has-post-thumbnail","hentry","category-cultura","category-jundiai","category-noticias"],"_links":{"self":[{"href":"https:\/\/tvtecjundiai.com.br\/news\/wp-json\/wp\/v2\/posts\/86444","targetHints":{"allow":["GET"]}}],"collection":[{"href":"https:\/\/tvtecjundiai.com.br\/news\/wp-json\/wp\/v2\/posts"}],"about":[{"href":"https:\/\/tvtecjundiai.com.br\/news\/wp-json\/wp\/v2\/types\/post"}],"author":[{"embeddable":true,"href":"https:\/\/tvtecjundiai.com.br\/news\/wp-json\/wp\/v2\/users\/25"}],"replies":[{"embeddable":true,"href":"https:\/\/tvtecjundiai.com.br\/news\/wp-json\/wp\/v2\/comments?post=86444"}],"version-history":[{"count":1,"href":"https:\/\/tvtecjundiai.com.br\/news\/wp-json\/wp\/v2\/posts\/86444\/revisions"}],"predecessor-version":[{"id":86448,"href":"https:\/\/tvtecjundiai.com.br\/news\/wp-json\/wp\/v2\/posts\/86444\/revisions\/86448"}],"wp:featuredmedia":[{"embeddable":true,"href":"https:\/\/tvtecjundiai.com.br\/news\/wp-json\/wp\/v2\/media\/86447"}],"wp:attachment":[{"href":"https:\/\/tvtecjundiai.com.br\/news\/wp-json\/wp\/v2\/media?parent=86444"}],"wp:term":[{"taxonomy":"category","embeddable":true,"href":"https:\/\/tvtecjundiai.com.br\/news\/wp-json\/wp\/v2\/categories?post=86444"},{"taxonomy":"post_tag","embeddable":true,"href":"https:\/\/tvtecjundiai.com.br\/news\/wp-json\/wp\/v2\/tags?post=86444"}],"curies":[{"name":"wp","href":"https:\/\/api.w.org\/{rel}","templated":true}]}}