{"id":8653,"date":"2018-04-11T08:38:55","date_gmt":"2018-04-11T11:38:55","guid":{"rendered":"https:\/\/tvtecjundiai.com.br\/news\/?p=8653"},"modified":"2018-04-11T14:14:44","modified_gmt":"2018-04-11T17:14:44","slug":"pat-divulga-vagas-disponiveis-em-jundiai-e-regiao-11","status":"publish","type":"post","link":"https:\/\/tvtecjundiai.com.br\/news\/2018\/04\/11\/pat-divulga-vagas-disponiveis-em-jundiai-e-regiao-11\/","title":{"rendered":"PAT divulga vagas dispon\u00edveis em Jundia\u00ed e regi\u00e3o (11)"},"content":{"rendered":"<p>Confira as vagas<\/p>\n<ul>\n<li><strong>Conferente de Log\u00edstica<\/strong>\u00a0(liberado em 10\/04\/2018) \u2013 6 meses de experi\u00eancia em CTPS; ensino m\u00e9dio completo; somente candidatos de Jundia\u00ed, V\u00e1rzea Paulista, Campo Limpo Paulista.<\/li>\n<li><strong>Encarregado de Limpeza<\/strong>\u00a0(liberado em 10\/04\/2018) \u2013 6 meses de experi\u00eancia em CTPS; ensino fundamental completo; somente candidatos de Jundia\u00ed.<\/li>\n<li><strong>Encarregado de Limpeza<\/strong>\u00a0(liberado em 10\/04\/2018) \u2013 6 meses de experi\u00eancia em CTPS; ensino m\u00e9dio completo; somente candidatos de Jundia\u00ed.<\/li>\n<li><strong>L\u00edder de Servi\u00e7o de limpeza<\/strong>\u00a0(liberado em 10\/04\/2018) \u2013 6 meses de experi\u00eancia em CTPS; ensino fundamental completo; somente candidatos de Jundia\u00ed Jundia\u00ed e V\u00e1rzea Paulista.<\/li>\n<li><strong>Mec\u00e2nico de Empilhadeira<\/strong>\u00a0(liberado em 10\/04\/2018) \u2013 6 meses de experi\u00eancia em CTPS; ensino m\u00e9dio completo; desej\u00e1vel curso t\u00e9cnico; manuten\u00e7\u00e3o corretiva e preventiva em empilhadeira el\u00e9trica e combust\u00e3o; somente candidatos de Jundia\u00ed e V\u00e1rzea Paulista, Campo Limpo Paulista, Louveira e Itupeva.<\/li>\n<li><strong>Pizzaiolo<\/strong>\u00a0(liberado em 09\/04\/2018) \u2013 6 meses de experi\u00eancia em CTPS; ensino fundamental completo; somente candidatos de Jundia\u00ed e Itupeva.<\/li>\n<li><strong>Porteiro<\/strong>\u00a0(liberado em 10\/04\/2018) \u2013 6 meses de experi\u00eancia em CTPS; ensino fundamental completo; conhecimento em informatica; somente candidatos de Jundia\u00ed e Louveira.<\/li>\n<li><strong>Porteiro<\/strong>\u00a0(liberado em 10\/04\/2018) \u2013 6 meses de experi\u00eancia em CTPS; ensino m\u00e9dio completo; somente candidatos de Jundia\u00ed.<\/li>\n<li><strong>T\u00e9cnico de Enfermagem<\/strong>\u00a0(liberado em 10\/04\/2018) \u2013 6 meses de experi\u00eancia em CTPS; ensino m\u00e9dio completo; necess\u00e1rio ter Coren Ativo; curso t\u00e9cnico completo; somente candidatos de Jundia\u00ed, V\u00e1rzea Paulista e Campo Limpo Paulista.<\/li>\n<li><strong>T\u00e9cnico em Eletromec\u00e2nica<\/strong>\u00a0(liberado em 09\/04\/2018) \u2013 6 meses de experi\u00eancia em CTPS; ensino m\u00e9dio completo; somente candidatos de jundia\u00ed e Itupeva.<\/li>\n<li><strong>T\u00e9cnico em Mecatr\u00f4nica &#8211; Automa\u00e7\u00e3o da Manufatura<\/strong>\u00a0(liberado em 10\/04\/2018) \u2013 6 meses de experi\u00eancia em CTPS; ensino m\u00e9dio completo; necess\u00e1rio curso t\u00e9cnico em mec\u00e2nica, mecatr\u00f4nica ou eletr\u00f4nica; ter atuando na \u00e1rea de log\u00edstica ou produ\u00e7\u00e3o; somente candidatos de Jundia\u00ed, V\u00e1rzea Paulista e Campo Limpo Paulista.<\/li>\n<li><strong>Vaga exclusiva PCD (Pessoas com Defici\u00eancia)<\/strong>\u00a0(liberado em 10\/04\/2018) \u2013 Auxiliar de Cozinha &#8211; ensino m\u00e9dio incompleto; necess\u00e1rio Laudo m\u00e9dico; somente candidatos de Jundia\u00ed e V\u00e1rzea Paulista.<\/li>\n<li><strong>Vaga exclusiva PCD (Pessoas com Defici\u00eancia)<\/strong>\u00a0(liberado em 10\/04\/2018) \u2013 Atendente no setor de Hortifrutigranjeiro &#8211; ensino m\u00e9dio completo; necess\u00e1rio laudo m\u00e9dico; somente candidatos de Jundia\u00ed, V\u00e1rzea Paulista.<\/li>\n<li><strong>Vaga exclusiva PCD (Pessoas com Defici\u00eancia)<\/strong>\u00a0(liberado em 10\/04\/2018) \u2013 Atendente de Supermercado &#8211; ensino fundamental completo; necess\u00e1rio laudo m\u00e9dico.<\/li>\n<\/ul>\n<p>\u00daltima atualiza\u00e7\u00e3o em\u00a0<strong>11\/04\/2018 08:28<\/strong><\/p>\n<p><em>(Fonte: Prefeitura de Jundia\u00ed)<\/em><\/p>\n","protected":false},"excerpt":{"rendered":"<p>Pode haver altera\u00e7\u00e3o no quadro de disponibilidade durante a semana<\/p>\n","protected":false},"author":11,"featured_media":8107,"comment_status":"closed","ping_status":"closed","sticky":false,"template":"","format":"standard","meta":{"footnotes":""},"categories":[29,2829,1],"tags":[286,37,39,253,185,43],"class_list":["post-8653","post","type-post","status-publish","format-standard","has-post-thumbnail","hentry","category-destaque","category-economia","category-noticias","tag-carteira-de-trabalho","tag-emprego","tag-pat","tag-pat-de-jundiai","tag-trabalho","tag-vagas-de-emprego"],"_links":{"self":[{"href":"https:\/\/tvtecjundiai.com.br\/news\/wp-json\/wp\/v2\/posts\/8653","targetHints":{"allow":["GET"]}}],"collection":[{"href":"https:\/\/tvtecjundiai.com.br\/news\/wp-json\/wp\/v2\/posts"}],"about":[{"href":"https:\/\/tvtecjundiai.com.br\/news\/wp-json\/wp\/v2\/types\/post"}],"author":[{"embeddable":true,"href":"https:\/\/tvtecjundiai.com.br\/news\/wp-json\/wp\/v2\/users\/11"}],"replies":[{"embeddable":true,"href":"https:\/\/tvtecjundiai.com.br\/news\/wp-json\/wp\/v2\/comments?post=8653"}],"version-history":[{"count":1,"href":"https:\/\/tvtecjundiai.com.br\/news\/wp-json\/wp\/v2\/posts\/8653\/revisions"}],"predecessor-version":[{"id":8655,"href":"https:\/\/tvtecjundiai.com.br\/news\/wp-json\/wp\/v2\/posts\/8653\/revisions\/8655"}],"wp:featuredmedia":[{"embeddable":true,"href":"https:\/\/tvtecjundiai.com.br\/news\/wp-json\/wp\/v2\/media\/8107"}],"wp:attachment":[{"href":"https:\/\/tvtecjundiai.com.br\/news\/wp-json\/wp\/v2\/media?parent=8653"}],"wp:term":[{"taxonomy":"category","embeddable":true,"href":"https:\/\/tvtecjundiai.com.br\/news\/wp-json\/wp\/v2\/categories?post=8653"},{"taxonomy":"post_tag","embeddable":true,"href":"https:\/\/tvtecjundiai.com.br\/news\/wp-json\/wp\/v2\/tags?post=8653"}],"curies":[{"name":"wp","href":"https:\/\/api.w.org\/{rel}","templated":true}]}}