{"id":8665,"date":"2018-04-11T11:46:50","date_gmt":"2018-04-11T14:46:50","guid":{"rendered":"https:\/\/tvtecjundiai.com.br\/news\/?p=8665"},"modified":"2018-04-11T11:54:07","modified_gmt":"2018-04-11T14:54:07","slug":"vacina-contra-gripe-comeca-neste-mes-na-rede-publica-do-pais","status":"publish","type":"post","link":"https:\/\/tvtecjundiai.com.br\/news\/2018\/04\/11\/vacina-contra-gripe-comeca-neste-mes-na-rede-publica-do-pais\/","title":{"rendered":"Vacina contra gripe come\u00e7a neste m\u00eas na rede p\u00fablica do pa\u00eds"},"content":{"rendered":"<div id=\"attachment_8675\" style=\"width: 460px\" class=\"wp-caption alignright\"><a href=\"https:\/\/tvtecjundiai.com.br\/news\/wp-content\/uploads\/sites\/2\/2018\/04\/e3b76a3938a5517247a53e938c26ab9d.jpg\"><img loading=\"lazy\" decoding=\"async\" aria-describedby=\"caption-attachment-8675\" class=\"wp-image-8675\" src=\"https:\/\/tvtecjundiai.com.br\/news\/wp-content\/uploads\/sites\/2\/2018\/04\/e3b76a3938a5517247a53e938c26ab9d-300x183.jpg\" alt=\"\" width=\"450\" height=\"274\" srcset=\"https:\/\/tvtecjundiai.com.br\/news\/wp-content\/uploads\/sites\/2\/2018\/04\/e3b76a3938a5517247a53e938c26ab9d-300x183.jpg 300w, https:\/\/tvtecjundiai.com.br\/news\/wp-content\/uploads\/sites\/2\/2018\/04\/e3b76a3938a5517247a53e938c26ab9d-768x467.jpg 768w, https:\/\/tvtecjundiai.com.br\/news\/wp-content\/uploads\/sites\/2\/2018\/04\/e3b76a3938a5517247a53e938c26ab9d-1200x730.jpg 1200w, https:\/\/tvtecjundiai.com.br\/news\/wp-content\/uploads\/sites\/2\/2018\/04\/e3b76a3938a5517247a53e938c26ab9d.jpg 2000w\" sizes=\"auto, (max-width: 450px) 100vw, 450px\" \/><\/a><p id=\"caption-attachment-8675\" class=\"wp-caption-text\">Especialistas recomendam que todos que puderem tomem a vacina<\/p><\/div>\n<p>A campanha de vacina\u00e7\u00e3o de 2018 contra a gripe deve come\u00e7ar na segunda quinzena de abril, segundo o Minist\u00e9rio da Sa\u00fade. Em Jundia\u00ed, a vacina estar\u00e1 dispon\u00edvel em todas as Unidades B\u00e1sicas de Sa\u00fade para as pessoa que integram os grupos de risco, no per\u00edodo entre 23 de abril e 1\u00ba de junho.\u00a0A dose dada pelo SUS \u00e9 a trivalente, que protege contra tr\u00eas v\u00edrus da influenza: A (H1N1), A (H3N2) e um tipo da\u00a0B.<\/p>\n<p>Os grupos de risco s\u00e3o compostos por crian\u00e7as de seis meses a cinco anos, idosos, gr\u00e1vidas e mulheres que deram \u00e0 luz h\u00e1 at\u00e9 45 dias. Entram tamb\u00e9m pacientes com doen\u00e7as cr\u00f4nicas ou condi\u00e7\u00f5es cl\u00ednicas especiais (diab\u00e9ticos, obesos etc.), profissionais de sa\u00fade, presidi\u00e1rios, funcion\u00e1rios do sistema prisional e ind\u00edgenas.<\/p>\n<p>Especialistas recomendam que todos que puderem, tomem a vacina. A imuniza\u00e7\u00e3o deve ser feita todo ano, porque as cepas sofrem altera\u00e7\u00f5es.\u00a0A dose \u00e9 contraindicada a beb\u00eas menores de seis meses e a quem j\u00e1 teve rea\u00e7\u00f5es anafil\u00e1ticas em aplica\u00e7\u00f5es anteriores. Quem teve a s\u00edndrome de Guillain-Barr\u00e9 ou tem rea\u00e7\u00f5es al\u00e9rgicas graves a ovo, uma vez que a vacina \u00e9 feita com prote\u00ednas do alimento, tamb\u00e9m deve ter cautela.<\/p>\n<p>Um surto de gripe que est\u00e1 ocorrendo nos Estados Unidos, principalmente por causa do\u00a0H3N2,\u00a0trouxe preocupa\u00e7\u00e3o a brasileiros, com mensagens de alerta circulando em redes sociais. Desde outubro, 48 mil casos foram registrados e 142 crian\u00e7as morreram nos EUA, segundo o Centro de Preven\u00e7\u00e3o e Controle de Doen\u00e7as norte-americano. Especialistas, no entanto, afirmam que at\u00e9 agora n\u00e3o h\u00e1 raz\u00e3o para desespero por aqui. \u201cAinda \u00e9 cedo para saber [se haver\u00e1 um surto no Brasil]\u201d, diz o pediatra e infectologista Renato Kfouri, da Sociedade Brasileira de Imuniza\u00e7\u00f5es. Os dados, por enquanto, n\u00e3o indicam uma quantidade anormal de registros de gripe.<\/p>\n<p><em>Fonte: Folha de S. Paulo<\/em><\/p>\n","protected":false},"excerpt":{"rendered":"<p>Surto nos EUA trouxe preocupa\u00e7\u00e3o ao Brasil<\/p>\n","protected":false},"author":10,"featured_media":8675,"comment_status":"closed","ping_status":"closed","sticky":false,"template":"","format":"standard","meta":{"footnotes":""},"categories":[29,1,2839],"tags":[1903,2745,5,6,15,104],"class_list":["post-8665","post","type-post","status-publish","format-standard","has-post-thumbnail","hentry","category-destaque","category-noticias","category-saude","tag-brasil","tag-gripe","tag-jundiai","tag-saude","tag-tvtec","tag-vacina"],"_links":{"self":[{"href":"https:\/\/tvtecjundiai.com.br\/news\/wp-json\/wp\/v2\/posts\/8665","targetHints":{"allow":["GET"]}}],"collection":[{"href":"https:\/\/tvtecjundiai.com.br\/news\/wp-json\/wp\/v2\/posts"}],"about":[{"href":"https:\/\/tvtecjundiai.com.br\/news\/wp-json\/wp\/v2\/types\/post"}],"author":[{"embeddable":true,"href":"https:\/\/tvtecjundiai.com.br\/news\/wp-json\/wp\/v2\/users\/10"}],"replies":[{"embeddable":true,"href":"https:\/\/tvtecjundiai.com.br\/news\/wp-json\/wp\/v2\/comments?post=8665"}],"version-history":[{"count":5,"href":"https:\/\/tvtecjundiai.com.br\/news\/wp-json\/wp\/v2\/posts\/8665\/revisions"}],"predecessor-version":[{"id":8679,"href":"https:\/\/tvtecjundiai.com.br\/news\/wp-json\/wp\/v2\/posts\/8665\/revisions\/8679"}],"wp:featuredmedia":[{"embeddable":true,"href":"https:\/\/tvtecjundiai.com.br\/news\/wp-json\/wp\/v2\/media\/8675"}],"wp:attachment":[{"href":"https:\/\/tvtecjundiai.com.br\/news\/wp-json\/wp\/v2\/media?parent=8665"}],"wp:term":[{"taxonomy":"category","embeddable":true,"href":"https:\/\/tvtecjundiai.com.br\/news\/wp-json\/wp\/v2\/categories?post=8665"},{"taxonomy":"post_tag","embeddable":true,"href":"https:\/\/tvtecjundiai.com.br\/news\/wp-json\/wp\/v2\/tags?post=8665"}],"curies":[{"name":"wp","href":"https:\/\/api.w.org\/{rel}","templated":true}]}}