{"id":86818,"date":"2022-01-02T11:49:49","date_gmt":"2022-01-02T14:49:49","guid":{"rendered":"https:\/\/tvtecjundiai.com.br\/news\/?p=86818"},"modified":"2022-01-02T11:49:55","modified_gmt":"2022-01-02T14:49:55","slug":"retrospectiva-2021-ugmt-desenvolve-plano-de-mobilidade-urbana","status":"publish","type":"post","link":"https:\/\/tvtecjundiai.com.br\/news\/2022\/01\/02\/retrospectiva-2021-ugmt-desenvolve-plano-de-mobilidade-urbana\/","title":{"rendered":"Retrospectiva 2021: UGMT desenvolve Plano de Mobilidade Urbana"},"content":{"rendered":"\n<p>Ao longo de 2021, com o objetivo de melhorar a mobilidade urbana, a Unidade de Gest\u00e3o de Mobilidade e Transporte (UGMT) deu in\u00edcio \u00e0 constru\u00e7\u00e3o do Plano de Mobilidade Urbana. Seu objetivo \u00e9 pensar em alternativas para fluxo de ve\u00edculos e em investimentos para a abertura de mais ciclovias e mais espa\u00e7os e est\u00edmulos \u00e0 caminhabilidade, al\u00e9m de outros benef\u00edcios.\u00a0<\/p>\n\n\n\n<figure class=\"wp-block-image size-full\"><img loading=\"lazy\" decoding=\"async\" width=\"1201\" height=\"800\" src=\"https:\/\/tvtecjundiai.com.br\/news\/wp-content\/uploads\/sites\/2\/2022\/01\/onibus-articulado-expresso-943-eloy-chaves-centro_c_-4.jpg\" alt=\"\" class=\"wp-image-86819\" srcset=\"https:\/\/tvtecjundiai.com.br\/news\/wp-content\/uploads\/sites\/2\/2022\/01\/onibus-articulado-expresso-943-eloy-chaves-centro_c_-4.jpg 1201w, https:\/\/tvtecjundiai.com.br\/news\/wp-content\/uploads\/sites\/2\/2022\/01\/onibus-articulado-expresso-943-eloy-chaves-centro_c_-4-300x200.jpg 300w, https:\/\/tvtecjundiai.com.br\/news\/wp-content\/uploads\/sites\/2\/2022\/01\/onibus-articulado-expresso-943-eloy-chaves-centro_c_-4-768x512.jpg 768w\" sizes=\"auto, (max-width: 1201px) 100vw, 1201px\" \/><figcaption>Implanta\u00e7\u00e3o de uma linha de \u00f4nibus expressa entre os terminais Eloy Chaves e Central j\u00e1 faz parte de um teste ligado ao Plano<\/figcaption><\/figure>\n\n\n\n<p>\u201cN\u00f3s entendemos que, uma vez voltado para melhorar a mobilidade, o plano tamb\u00e9m contribuir\u00e1 para a mitiga\u00e7\u00e3o de problemas relacionados ao tr\u00e2nsito, diminuindo o tr\u00e2nsito em diferentes vi\u00e1rios da cidade\u201d, declara o gestor de Mobilidade e Transporte, Aloysio Queiroz. \u201cO plano ainda n\u00e3o foi finalizado, mas j\u00e1 come\u00e7amos a colocar em pr\u00e1tica algumas experi\u00eancias que est\u00e3o contidas nele, como a implanta\u00e7\u00e3o de uma linha de \u00f4nibus expressa entre os terminais Eloy Chaves e Central nos hor\u00e1rios de pico.\u201d<\/p>\n\n\n\n<p>Durante o ano tamb\u00e9m foram realizadas duas audi\u00eancias p\u00fablicas sobre o desenvolvimento do Plano, com a participa\u00e7\u00e3o da popula\u00e7\u00e3o, que p\u00f4de fazer apontamentos. Na primeira audi\u00eancia, a empresa Logit, contratada para assessorar a Prefeitura na elabora\u00e7\u00e3o do estudo, auxiliou tamb\u00e9m na apresenta\u00e7\u00e3o de um primeiro diagn\u00f3stico sobre a situa\u00e7\u00e3o da mobilidade na cidade e, na segunda, foram apresentadas propostas para melhorar a mobilidade, como investimentos para a abertura de mais ciclovias, melhora no transporte p\u00fablico e na caminhabilidade.<\/p>\n\n\n\n<p><em>Fonte\/Imagem: Prefeitura de Jundia\u00ed<\/em><\/p>\n","protected":false},"excerpt":{"rendered":"<p>Durante o ano tamb\u00e9m foram realizadas duas audi\u00eancias p\u00fablicas sobre o desenvolvimento do Plano, com a participa\u00e7\u00e3o da popula\u00e7\u00e3o, que p\u00f4de fazer apontamentos. Na primeira audi\u00eancia, a empresa Logit, contratada para assessorar a Prefeitura na elabora\u00e7\u00e3o do estudo, auxiliou tamb\u00e9m na apresenta\u00e7\u00e3o de um primeiro diagn\u00f3stico sobre a situa\u00e7\u00e3o da mobilidade na cidade e, na segunda, foram apresentadas propostas para melhorar a mobilidade, como investimentos para a abertura de mais ciclovias, melhora no transporte p\u00fablico e na caminhabilidade<\/p>\n","protected":false},"author":9,"featured_media":86819,"comment_status":"closed","ping_status":"closed","sticky":false,"template":"","format":"standard","meta":{"footnotes":""},"categories":[5697],"tags":[],"class_list":["post-86818","post","type-post","status-publish","format-standard","has-post-thumbnail","hentry","category-mobilidade-noticias"],"_links":{"self":[{"href":"https:\/\/tvtecjundiai.com.br\/news\/wp-json\/wp\/v2\/posts\/86818","targetHints":{"allow":["GET"]}}],"collection":[{"href":"https:\/\/tvtecjundiai.com.br\/news\/wp-json\/wp\/v2\/posts"}],"about":[{"href":"https:\/\/tvtecjundiai.com.br\/news\/wp-json\/wp\/v2\/types\/post"}],"author":[{"embeddable":true,"href":"https:\/\/tvtecjundiai.com.br\/news\/wp-json\/wp\/v2\/users\/9"}],"replies":[{"embeddable":true,"href":"https:\/\/tvtecjundiai.com.br\/news\/wp-json\/wp\/v2\/comments?post=86818"}],"version-history":[{"count":1,"href":"https:\/\/tvtecjundiai.com.br\/news\/wp-json\/wp\/v2\/posts\/86818\/revisions"}],"predecessor-version":[{"id":86820,"href":"https:\/\/tvtecjundiai.com.br\/news\/wp-json\/wp\/v2\/posts\/86818\/revisions\/86820"}],"wp:featuredmedia":[{"embeddable":true,"href":"https:\/\/tvtecjundiai.com.br\/news\/wp-json\/wp\/v2\/media\/86819"}],"wp:attachment":[{"href":"https:\/\/tvtecjundiai.com.br\/news\/wp-json\/wp\/v2\/media?parent=86818"}],"wp:term":[{"taxonomy":"category","embeddable":true,"href":"https:\/\/tvtecjundiai.com.br\/news\/wp-json\/wp\/v2\/categories?post=86818"},{"taxonomy":"post_tag","embeddable":true,"href":"https:\/\/tvtecjundiai.com.br\/news\/wp-json\/wp\/v2\/tags?post=86818"}],"curies":[{"name":"wp","href":"https:\/\/api.w.org\/{rel}","templated":true}]}}