{"id":86919,"date":"2022-01-05T11:16:00","date_gmt":"2022-01-05T14:16:00","guid":{"rendered":"https:\/\/tvtecjundiai.com.br\/news\/?p=86919"},"modified":"2022-01-05T11:16:10","modified_gmt":"2022-01-05T14:16:10","slug":"rede-estadual-oferece-aulas-de-reforco-para-alunos-que-nao-atingiram-frequencia-em-jundiai","status":"publish","type":"post","link":"https:\/\/tvtecjundiai.com.br\/news\/2022\/01\/05\/rede-estadual-oferece-aulas-de-reforco-para-alunos-que-nao-atingiram-frequencia-em-jundiai\/","title":{"rendered":"Rede estadual oferece aulas de refor\u00e7o para alunos que n\u00e3o atingiram frequ\u00eancia em Jundia\u00ed"},"content":{"rendered":"\n<p>Estudantes da rede estadual que n\u00e3o atingiram 75% de frequ\u00eancia nas aulas do ano passado t\u00eam mais uma oportunidade de avan\u00e7ar \u00e0 s\u00e9rie seguinte em Jundia\u00ed, atrav\u00e9s do Projeto de Recupera\u00e7\u00e3o Intensiva.<\/p>\n\n\n\n<p>A recupera\u00e7\u00e3o, que teve in\u00edcio na ter\u00e7a-feira (04) e segue at\u00e9 o dia 21 de janeiro, envolve as etapas do ensino fundamental e do ensino m\u00e9dio, inclusive do noturno, por\u00e9m, prioriza estudantes do 5\u00ba e 9\u00ba anos do ensino fundamental e da 3\u00aa s\u00e9rie do ensino m\u00e9dio &#8211; todos anos de fechamento de ciclo.<\/p>\n\n\n\n<p>S\u00e3o 25 aulas semanais, que podem ser realizadas em tr\u00eas turnos (diurno, vespertino e noturno), distribu\u00eddas em cinco aulas di\u00e1rias, com dura\u00e7\u00e3o de 45 minutos cada.<\/p>\n\n\n\n<p>S\u00e3o oferecidas aulas de matem\u00e1tica e ci\u00eancias da natureza, linguagens (l\u00edngua portuguesa, arte e ingl\u00eas), ci\u00eancias humanas e projeto de vida para anos finais do ensino fundamental e ensino m\u00e9dio, e matem\u00e1tica, l\u00edngua portuguesa, ci\u00eancias humanas e ci\u00eancias da natureza para anos iniciais do ensino fundamental.<\/p>\n\n\n\n<div class=\"wp-block-image\"><figure class=\"aligncenter size-full\"><img loading=\"lazy\" decoding=\"async\" width=\"840\" height=\"559\" src=\"https:\/\/tvtecjundiai.com.br\/news\/wp-content\/uploads\/sites\/2\/2022\/01\/1_whatsapp_image_2021_04_14_at_17_15_26-387516.jpeg\" alt=\"\" class=\"wp-image-86920\" srcset=\"https:\/\/tvtecjundiai.com.br\/news\/wp-content\/uploads\/sites\/2\/2022\/01\/1_whatsapp_image_2021_04_14_at_17_15_26-387516.jpeg 840w, https:\/\/tvtecjundiai.com.br\/news\/wp-content\/uploads\/sites\/2\/2022\/01\/1_whatsapp_image_2021_04_14_at_17_15_26-387516-300x200.jpeg 300w, https:\/\/tvtecjundiai.com.br\/news\/wp-content\/uploads\/sites\/2\/2022\/01\/1_whatsapp_image_2021_04_14_at_17_15_26-387516-768x511.jpeg 768w\" sizes=\"auto, (max-width: 840px) 100vw, 840px\" \/><\/figure><\/div>\n\n\n\n<p>O refor\u00e7o de aprendizagem ocorre preferencialmente de forma presencial. No entanto, caso seja necess\u00e1rio, a recupera\u00e7\u00e3o conta com apoio do Centro de M\u00eddias S\u00e3o Paulo (CMSP), com a transmiss\u00e3o de tr\u00eas aulas di\u00e1rias (15 por semana), seguindo a grade regular.<\/p>\n\n\n\n<p>No encerramento da recupera\u00e7\u00e3o, caber\u00e1 ao Conselho de Classe, diante da frequ\u00eancia dos estudantes, decidir se eles poder\u00e3o prosseguir para o ano\/s\u00e9rie seguinte. Al\u00e9m disso, o conselho dever\u00e1 analisar o desempenho global do estudante, visando assegurar n\u00e3o s\u00f3 a continuidade de estudos, mas tamb\u00e9m o encaminhamento para recupera\u00e7\u00e3o cont\u00ednua ao longo do ano letivo.<\/p>\n\n\n\n<p>Estudantes que atingiram pelo menos 75% de frequ\u00eancia no ano de 2021 mas tiveram baixo desempenho tamb\u00e9m podem ser indicados a participar da recupera\u00e7\u00e3o, caso a escola tenha capacidade de atend\u00ea-los.<\/p>\n\n\n\n<p><strong><em>(Fonte: G1\/Imagem: Divulga\u00e7\u00e3o)<\/em><\/strong><\/p>\n","protected":false},"excerpt":{"rendered":"<p>As aulas s\u00e3o voltadas para alunos que n\u00e3o atingiram 75% de frequ\u00eancia.<\/p>\n","protected":false},"author":25,"featured_media":86920,"comment_status":"closed","ping_status":"closed","sticky":false,"template":"","format":"standard","meta":{"footnotes":""},"categories":[2828,1],"tags":[],"class_list":["post-86919","post","type-post","status-publish","format-standard","has-post-thumbnail","hentry","category-educacao","category-noticias"],"_links":{"self":[{"href":"https:\/\/tvtecjundiai.com.br\/news\/wp-json\/wp\/v2\/posts\/86919","targetHints":{"allow":["GET"]}}],"collection":[{"href":"https:\/\/tvtecjundiai.com.br\/news\/wp-json\/wp\/v2\/posts"}],"about":[{"href":"https:\/\/tvtecjundiai.com.br\/news\/wp-json\/wp\/v2\/types\/post"}],"author":[{"embeddable":true,"href":"https:\/\/tvtecjundiai.com.br\/news\/wp-json\/wp\/v2\/users\/25"}],"replies":[{"embeddable":true,"href":"https:\/\/tvtecjundiai.com.br\/news\/wp-json\/wp\/v2\/comments?post=86919"}],"version-history":[{"count":1,"href":"https:\/\/tvtecjundiai.com.br\/news\/wp-json\/wp\/v2\/posts\/86919\/revisions"}],"predecessor-version":[{"id":86921,"href":"https:\/\/tvtecjundiai.com.br\/news\/wp-json\/wp\/v2\/posts\/86919\/revisions\/86921"}],"wp:featuredmedia":[{"embeddable":true,"href":"https:\/\/tvtecjundiai.com.br\/news\/wp-json\/wp\/v2\/media\/86920"}],"wp:attachment":[{"href":"https:\/\/tvtecjundiai.com.br\/news\/wp-json\/wp\/v2\/media?parent=86919"}],"wp:term":[{"taxonomy":"category","embeddable":true,"href":"https:\/\/tvtecjundiai.com.br\/news\/wp-json\/wp\/v2\/categories?post=86919"},{"taxonomy":"post_tag","embeddable":true,"href":"https:\/\/tvtecjundiai.com.br\/news\/wp-json\/wp\/v2\/tags?post=86919"}],"curies":[{"name":"wp","href":"https:\/\/api.w.org\/{rel}","templated":true}]}}