{"id":8697,"date":"2018-04-11T14:05:55","date_gmt":"2018-04-11T17:05:55","guid":{"rendered":"https:\/\/tvtecjundiai.com.br\/news\/?p=8697"},"modified":"2018-04-11T14:08:44","modified_gmt":"2018-04-11T17:08:44","slug":"oms-alerta-para-surto-de-sarampo-nas-americas","status":"publish","type":"post","link":"https:\/\/tvtecjundiai.com.br\/news\/2018\/04\/11\/oms-alerta-para-surto-de-sarampo-nas-americas\/","title":{"rendered":"OMS alerta para surto de sarampo nas Am\u00e9ricas"},"content":{"rendered":"<div id=\"attachment_8698\" style=\"width: 460px\" class=\"wp-caption alignleft\"><a href=\"https:\/\/tvtecjundiai.com.br\/news\/wp-content\/uploads\/sites\/2\/2018\/04\/000-zr2tf.jpg\"><img loading=\"lazy\" decoding=\"async\" aria-describedby=\"caption-attachment-8698\" class=\"wp-image-8698\" src=\"https:\/\/tvtecjundiai.com.br\/news\/wp-content\/uploads\/sites\/2\/2018\/04\/000-zr2tf-300x206.jpg\" alt=\"\" width=\"450\" height=\"310\" srcset=\"https:\/\/tvtecjundiai.com.br\/news\/wp-content\/uploads\/sites\/2\/2018\/04\/000-zr2tf-300x206.jpg 300w, https:\/\/tvtecjundiai.com.br\/news\/wp-content\/uploads\/sites\/2\/2018\/04\/000-zr2tf-768x528.jpg 768w, https:\/\/tvtecjundiai.com.br\/news\/wp-content\/uploads\/sites\/2\/2018\/04\/000-zr2tf-1200x826.jpg 1200w, https:\/\/tvtecjundiai.com.br\/news\/wp-content\/uploads\/sites\/2\/2018\/04\/000-zr2tf.jpg 1600w\" sizes=\"auto, (max-width: 450px) 100vw, 450px\" \/><\/a><p id=\"caption-attachment-8698\" class=\"wp-caption-text\">Brasil \u00e9 o segundo pa\u00eds mais afetado pela doen\u00e7a\u00a0<em>(Foto: Joe Raedle\/Getty Images North America\/AFP)<\/em><\/p><\/div>\n<p class=\"mc-column content-text active-extra-styles active-capital-letter\" data-block-type=\"unstyled\" data-block-weight=\"35\" data-block-id=\"2\">A Organiza\u00e7\u00e3o Pan-Americana da Sa\u00fade\/Organiza\u00e7\u00e3o Mundial da Sa\u00fade (OPAS\/OMS) divulgou novos dados sobre o avan\u00e7o do sarampo na regi\u00e3o das Am\u00e9ricas. Atualmente, s\u00e3o 11 pa\u00edses que notificaram casos confirmados da doen\u00e7a.\u00a0Em mar\u00e7o, eram oito. Como muitos casos se devem a fluxos migrat\u00f3rios na regi\u00e3o, o organismo internacional fez um alerta para que os pa\u00edses estejam preparados para vacinar a popula\u00e7\u00e3o suscet\u00edvel.<\/p>\n<p class=\"mc-column content-text active-extra-styles \" data-block-type=\"unstyled\" data-block-weight=\"54\" data-block-id=\"6\">O pa\u00eds mais afetado \u00e9 a Venezuela, com 279 casos. O Brasil aparece em segundo lugar por causa da migra\u00e7\u00e3o de venezuelanos, especialmente na fronteira com Roraima. S\u00e3o 46 casos confirmados. Em Roraima s\u00e3o 34 cidad\u00e3os venezuelanos e oito brasileiros. Tamb\u00e9m h\u00e1 registro de casos de quatro casos de sarampo em brasileiros no Amazonas.<\/p>\n<p class=\"mc-column content-text active-extra-styles \" data-block-type=\"unstyled\" data-block-weight=\"30\" data-block-id=\"7\">O Minist\u00e9rio da Sa\u00fade organizou uma\u00a0campanha de vacina\u00e7\u00e3o nas regi\u00f5es afetadas. O p\u00fablico-alvo \u00e9 a popula\u00e7\u00e3o n\u00e3o vacinada, na faixa et\u00e1ria de 6 meses a 49 anos de idade. Segundo nota divulgada pela OMS, a entidade est\u00e1 ajudando o governo brasileiro na conte\u00e7\u00e3o do surto de sarampo em Roraima e est\u00e1 apoiando um posto de vacina\u00e7\u00e3o em Pacaraima, na fronteira com a Venezuela.<\/p>\n<p class=\"content-ads content-ads--reveal\" data-block-type=\"ads\" data-block-id=\"13\">O sarampo \u00e9 uma doen\u00e7a causada por um v\u00edrus de transmiss\u00e3o respirat\u00f3ria. Os sintomas come\u00e7am a aparecer em cerca de 12 dias e incluem manchas avermelhadas na pele, febre, tosse e mal-estar. Em situa\u00e7\u00f5es mais graves, pode levar \u00e0 pneumonia, \u00e0 cegueira, \u00e0 inflama\u00e7\u00e3o do c\u00e9rebro e at\u00e9 mesmo \u00e0 morte. Por ser altamente contagiosa e \u00e9 necess\u00e1ria uma excelente cobertura vacinal (95%) para conter o surto.<\/p>\n<p data-block-type=\"ads\" data-block-id=\"13\"><em>Fonte: Portal G1<\/em><\/p>\n","protected":false},"excerpt":{"rendered":"<p>Ao todos, 11 pa\u00edses j\u00e1 notificaram casos confirmados da doen\u00e7a<\/p>\n","protected":false},"author":10,"featured_media":8698,"comment_status":"closed","ping_status":"closed","sticky":false,"template":"","format":"standard","meta":{"footnotes":""},"categories":[1,2839],"tags":[1903,5,2478,6,15],"class_list":["post-8697","post","type-post","status-publish","format-standard","has-post-thumbnail","hentry","category-noticias","category-saude","tag-brasil","tag-jundiai","tag-sarampo","tag-saude","tag-tvtec"],"_links":{"self":[{"href":"https:\/\/tvtecjundiai.com.br\/news\/wp-json\/wp\/v2\/posts\/8697","targetHints":{"allow":["GET"]}}],"collection":[{"href":"https:\/\/tvtecjundiai.com.br\/news\/wp-json\/wp\/v2\/posts"}],"about":[{"href":"https:\/\/tvtecjundiai.com.br\/news\/wp-json\/wp\/v2\/types\/post"}],"author":[{"embeddable":true,"href":"https:\/\/tvtecjundiai.com.br\/news\/wp-json\/wp\/v2\/users\/10"}],"replies":[{"embeddable":true,"href":"https:\/\/tvtecjundiai.com.br\/news\/wp-json\/wp\/v2\/comments?post=8697"}],"version-history":[{"count":5,"href":"https:\/\/tvtecjundiai.com.br\/news\/wp-json\/wp\/v2\/posts\/8697\/revisions"}],"predecessor-version":[{"id":8706,"href":"https:\/\/tvtecjundiai.com.br\/news\/wp-json\/wp\/v2\/posts\/8697\/revisions\/8706"}],"wp:featuredmedia":[{"embeddable":true,"href":"https:\/\/tvtecjundiai.com.br\/news\/wp-json\/wp\/v2\/media\/8698"}],"wp:attachment":[{"href":"https:\/\/tvtecjundiai.com.br\/news\/wp-json\/wp\/v2\/media?parent=8697"}],"wp:term":[{"taxonomy":"category","embeddable":true,"href":"https:\/\/tvtecjundiai.com.br\/news\/wp-json\/wp\/v2\/categories?post=8697"},{"taxonomy":"post_tag","embeddable":true,"href":"https:\/\/tvtecjundiai.com.br\/news\/wp-json\/wp\/v2\/tags?post=8697"}],"curies":[{"name":"wp","href":"https:\/\/api.w.org\/{rel}","templated":true}]}}