{"id":87034,"date":"2022-01-07T09:05:37","date_gmt":"2022-01-07T12:05:37","guid":{"rendered":"https:\/\/tvtecjundiai.com.br\/news\/?p=87034"},"modified":"2022-01-07T09:05:54","modified_gmt":"2022-01-07T12:05:54","slug":"reabertura-de-transito-em-viaduto-leva-a-alteracao-em-quatro-linhas-na-regiao-da-vila-rami-e-santa-gertrudes","status":"publish","type":"post","link":"https:\/\/tvtecjundiai.com.br\/news\/2022\/01\/07\/reabertura-de-transito-em-viaduto-leva-a-alteracao-em-quatro-linhas-na-regiao-da-vila-rami-e-santa-gertrudes\/","title":{"rendered":"Reabertura de tr\u00e2nsito em viaduto leva \u00e0 altera\u00e7\u00e3o em quatro linhas na regi\u00e3o da Vila Rami e Santa Gertrudes"},"content":{"rendered":"\n<p>Devido \u00e0 reabertura do tr\u00e2nsito no viaduto da Vila Comercial, para quem segue no sentido Terminal Rami \u2013 bairro, ser\u00e3o redefinidos os itiner\u00e1rios das linhas 583 (Residencial Anchieta \u2013 Terminal Rami), 586 (Vila Maring\u00e1 \u2013 Terminal Rami), 738 (Terminal Central \u2013 Jardim Santa Gertrudes) e 981 (Terminal Rami \u2013 Terminal Vila Arens) a partir da pr\u00f3xima segunda-feira (10).<\/p>\n\n\n\n<p>Todas as altera\u00e7\u00f5es est\u00e3o indicadas nas plataformas de embarque e desembarque dos terminais urbanos. Todos os itiner\u00e1rios podem ser consultados no site da Prefeitura de Jundia\u00ed.<\/p>\n\n\n\n<div class=\"wp-block-image\"><figure class=\"aligncenter size-large\"><img loading=\"lazy\" decoding=\"async\" width=\"1200\" height=\"800\" src=\"https:\/\/tvtecjundiai.com.br\/news\/wp-content\/uploads\/sites\/2\/2021\/06\/onibus_mobiliade-total-35-1200x800.jpg\" alt=\"\" class=\"wp-image-78267\" srcset=\"https:\/\/tvtecjundiai.com.br\/news\/wp-content\/uploads\/sites\/2\/2021\/06\/onibus_mobiliade-total-35-1200x800.jpg 1200w, https:\/\/tvtecjundiai.com.br\/news\/wp-content\/uploads\/sites\/2\/2021\/06\/onibus_mobiliade-total-35-300x200.jpg 300w, https:\/\/tvtecjundiai.com.br\/news\/wp-content\/uploads\/sites\/2\/2021\/06\/onibus_mobiliade-total-35-768x512.jpg 768w, https:\/\/tvtecjundiai.com.br\/news\/wp-content\/uploads\/sites\/2\/2021\/06\/onibus_mobiliade-total-35.jpg 1280w\" sizes=\"auto, (max-width: 1200px) 100vw, 1200px\" \/><\/figure><\/div>\n\n\n\n<p><strong><em>(Fonte\/Imagem: Prefeitura de Jundia\u00ed)<\/em><\/strong><\/p>\n","protected":false},"excerpt":{"rendered":"<p>as plataformas de embarque e desembarque dos terminais urbanos.<\/p>\n","protected":false},"author":25,"featured_media":30263,"comment_status":"closed","ping_status":"closed","sticky":false,"template":"","format":"standard","meta":{"footnotes":""},"categories":[5697,1],"tags":[],"class_list":["post-87034","post","type-post","status-publish","format-standard","has-post-thumbnail","hentry","category-mobilidade-noticias","category-noticias"],"_links":{"self":[{"href":"https:\/\/tvtecjundiai.com.br\/news\/wp-json\/wp\/v2\/posts\/87034","targetHints":{"allow":["GET"]}}],"collection":[{"href":"https:\/\/tvtecjundiai.com.br\/news\/wp-json\/wp\/v2\/posts"}],"about":[{"href":"https:\/\/tvtecjundiai.com.br\/news\/wp-json\/wp\/v2\/types\/post"}],"author":[{"embeddable":true,"href":"https:\/\/tvtecjundiai.com.br\/news\/wp-json\/wp\/v2\/users\/25"}],"replies":[{"embeddable":true,"href":"https:\/\/tvtecjundiai.com.br\/news\/wp-json\/wp\/v2\/comments?post=87034"}],"version-history":[{"count":1,"href":"https:\/\/tvtecjundiai.com.br\/news\/wp-json\/wp\/v2\/posts\/87034\/revisions"}],"predecessor-version":[{"id":87035,"href":"https:\/\/tvtecjundiai.com.br\/news\/wp-json\/wp\/v2\/posts\/87034\/revisions\/87035"}],"wp:featuredmedia":[{"embeddable":true,"href":"https:\/\/tvtecjundiai.com.br\/news\/wp-json\/wp\/v2\/media\/30263"}],"wp:attachment":[{"href":"https:\/\/tvtecjundiai.com.br\/news\/wp-json\/wp\/v2\/media?parent=87034"}],"wp:term":[{"taxonomy":"category","embeddable":true,"href":"https:\/\/tvtecjundiai.com.br\/news\/wp-json\/wp\/v2\/categories?post=87034"},{"taxonomy":"post_tag","embeddable":true,"href":"https:\/\/tvtecjundiai.com.br\/news\/wp-json\/wp\/v2\/tags?post=87034"}],"curies":[{"name":"wp","href":"https:\/\/api.w.org\/{rel}","templated":true}]}}