{"id":8723,"date":"2018-04-12T11:34:57","date_gmt":"2018-04-12T14:34:57","guid":{"rendered":"https:\/\/tvtecjundiai.com.br\/news\/?p=8723"},"modified":"2018-04-12T11:34:57","modified_gmt":"2018-04-12T14:34:57","slug":"inss-convoca-152-mil-beneficiarios-para-pericia","status":"publish","type":"post","link":"https:\/\/tvtecjundiai.com.br\/news\/2018\/04\/12\/inss-convoca-152-mil-beneficiarios-para-pericia\/","title":{"rendered":"INSS convoca 152 mil benefici\u00e1rios para per\u00edcia"},"content":{"rendered":"<div class=\"mc-column content-text active-extra-styles active-capital-letter\" data-block-type=\"unstyled\" data-block-weight=\"55\" data-block-id=\"1\">\n<div id=\"attachment_8725\" style=\"width: 410px\" class=\"wp-caption alignright\"><a href=\"https:\/\/tvtecjundiai.com.br\/news\/wp-content\/uploads\/sites\/2\/2018\/04\/inss-1280x640-1.jpg\"><img loading=\"lazy\" decoding=\"async\" aria-describedby=\"caption-attachment-8725\" class=\"wp-image-8725\" src=\"https:\/\/tvtecjundiai.com.br\/news\/wp-content\/uploads\/sites\/2\/2018\/04\/inss-1280x640-1-300x150.jpg\" alt=\"\" width=\"400\" height=\"200\" srcset=\"https:\/\/tvtecjundiai.com.br\/news\/wp-content\/uploads\/sites\/2\/2018\/04\/inss-1280x640-1-300x150.jpg 300w, https:\/\/tvtecjundiai.com.br\/news\/wp-content\/uploads\/sites\/2\/2018\/04\/inss-1280x640-1-768x384.jpg 768w, https:\/\/tvtecjundiai.com.br\/news\/wp-content\/uploads\/sites\/2\/2018\/04\/inss-1280x640-1-1200x600.jpg 1200w, https:\/\/tvtecjundiai.com.br\/news\/wp-content\/uploads\/sites\/2\/2018\/04\/inss-1280x640-1.jpg 1280w\" sizes=\"auto, (max-width: 400px) 100vw, 400px\" \/><\/a><p id=\"caption-attachment-8725\" class=\"wp-caption-text\">Edital que notifica a per\u00edcia foi publicado nesta quinta no Di\u00e1rio Oficial da Uni\u00e3o<\/p><\/div>\n<p class=\"content-text__container theme-color-primary-first-letter\" data-track-category=\"Link no Texto\" data-track-links=\"\">O Governo Federal publicou, nesta quinta-feira (12), no &#8220;Di\u00e1rio Oficial da Uni\u00e3o&#8221;, o edital que convoca para per\u00edcia m\u00e9dica pessoas que recebem aux\u00edlio-doen\u00e7a ou aposentadoria por invalidez do Instituto Nacional do Seguro Social (INSS). De acordo com o Minist\u00e9rio do Desenvolvimento Social (MDS), s\u00e3o 152,2 mil convocados, que devem procurar o INSS at\u00e9 4 de maio.<\/p>\n<\/div>\n<div class=\"mc-column content-text active-extra-styles \" data-block-type=\"unstyled\" data-block-weight=\"44\" data-block-id=\"2\">\n<p class=\"content-text__container \" data-track-category=\"Link no Texto\" data-track-links=\"\">O edital de notifica\u00e7\u00e3o faz parte do pente-fino que o governo federal realiza, desde agosto de 2016, nos benef\u00edcios por incapacidade pagos pelo INSS. O programa de revis\u00e3o est\u00e1 em sua segunda etapa. O MDS planeja realizar 1,2 milh\u00e3o de avalia\u00e7\u00f5es m\u00e9dicas at\u00e9 o fim deste ano.<\/p>\n<\/div>\n<div class=\"mc-column content-text active-extra-styles \" data-block-type=\"unstyled\" data-block-weight=\"33\" data-block-id=\"4\">\n<p class=\"content-text__container \" data-track-category=\"Link no Texto\" data-track-links=\"\">Nesta quinta, segundo o ministro da MDS, Alberto Beltrame, o governo convocou para per\u00edcia benefici\u00e1rios que precisam passar pelo exame obrigat\u00f3rio e n\u00e3o foram localizados em raz\u00e3o de endere\u00e7o desatualizado ou com informa\u00e7\u00f5es incorretas. Tamb\u00e9m foram convocados, via edital, benefici\u00e1rios que receberam a carta do INSS, que comunica a necessidade da revis\u00e3o m\u00e9dica, mas n\u00e3o agendaram a per\u00edcia no prazo determinado.<\/p>\n<\/div>\n<div class=\"mc-column content-text active-extra-styles \" data-block-type=\"unstyled\" data-block-weight=\"21\" data-block-id=\"6\">\n<p class=\"content-text__container \" data-track-category=\"Link no Texto\" data-track-links=\"\">Quem teve o nome publicado no edital deve agendar a per\u00edcia pela Central de Atendimento da Previd\u00eancia Social, no telefone 135.<\/p>\n<p data-track-category=\"Link no Texto\" data-track-links=\"\"><em>Fonte: Portal G1<\/em><\/p>\n<\/div>\n","protected":false},"excerpt":{"rendered":"<p>Convocados tem at\u00e9 4 de maio para procurar o instituto<\/p>\n","protected":false},"author":10,"featured_media":8724,"comment_status":"closed","ping_status":"closed","sticky":false,"template":"","format":"standard","meta":{"footnotes":""},"categories":[2834,1],"tags":[1903,54,5,57,15],"class_list":["post-8723","post","type-post","status-publish","format-standard","has-post-thumbnail","hentry","category-cidades","category-noticias","tag-brasil","tag-inss","tag-jundiai","tag-previdencia-social","tag-tvtec"],"_links":{"self":[{"href":"https:\/\/tvtecjundiai.com.br\/news\/wp-json\/wp\/v2\/posts\/8723","targetHints":{"allow":["GET"]}}],"collection":[{"href":"https:\/\/tvtecjundiai.com.br\/news\/wp-json\/wp\/v2\/posts"}],"about":[{"href":"https:\/\/tvtecjundiai.com.br\/news\/wp-json\/wp\/v2\/types\/post"}],"author":[{"embeddable":true,"href":"https:\/\/tvtecjundiai.com.br\/news\/wp-json\/wp\/v2\/users\/10"}],"replies":[{"embeddable":true,"href":"https:\/\/tvtecjundiai.com.br\/news\/wp-json\/wp\/v2\/comments?post=8723"}],"version-history":[{"count":1,"href":"https:\/\/tvtecjundiai.com.br\/news\/wp-json\/wp\/v2\/posts\/8723\/revisions"}],"predecessor-version":[{"id":8726,"href":"https:\/\/tvtecjundiai.com.br\/news\/wp-json\/wp\/v2\/posts\/8723\/revisions\/8726"}],"wp:featuredmedia":[{"embeddable":true,"href":"https:\/\/tvtecjundiai.com.br\/news\/wp-json\/wp\/v2\/media\/8724"}],"wp:attachment":[{"href":"https:\/\/tvtecjundiai.com.br\/news\/wp-json\/wp\/v2\/media?parent=8723"}],"wp:term":[{"taxonomy":"category","embeddable":true,"href":"https:\/\/tvtecjundiai.com.br\/news\/wp-json\/wp\/v2\/categories?post=8723"},{"taxonomy":"post_tag","embeddable":true,"href":"https:\/\/tvtecjundiai.com.br\/news\/wp-json\/wp\/v2\/tags?post=8723"}],"curies":[{"name":"wp","href":"https:\/\/api.w.org\/{rel}","templated":true}]}}