{"id":87437,"date":"2022-01-16T10:01:53","date_gmt":"2022-01-16T13:01:53","guid":{"rendered":"https:\/\/tvtecjundiai.com.br\/news\/?p=87437"},"modified":"2022-01-16T10:01:58","modified_gmt":"2022-01-16T13:01:58","slug":"familias-aproveitam-a-programacao-cultural-gratuita-para-criancas-e-jovens","status":"publish","type":"post","link":"https:\/\/tvtecjundiai.com.br\/news\/2022\/01\/16\/familias-aproveitam-a-programacao-cultural-gratuita-para-criancas-e-jovens\/","title":{"rendered":"Fam\u00edlias aproveitam a programa\u00e7\u00e3o cultural gratuita para crian\u00e7as e jovens"},"content":{"rendered":"\n<p>Mayara e Alexandre Motta aproveitaram a programa\u00e7\u00e3o cultural gratuita para levar o filho Felipe, 4 anos, e a afilhada Isabela, 7 anos, para uma manh\u00e3 diferente, com muita brincadeira e divers\u00e3o na F\u00e1brica das Inf\u00e2ncia Japy.&nbsp;<\/p>\n\n\n\n<p>Professora de educa\u00e7\u00e3o f\u00edsica da rede municipal de ensino, Mayara contou que soube das atividades por meio das redes sociais da Prefeitura. \u201cQuando vi, achei a programa\u00e7\u00e3o muito atrativa e interessante. As crian\u00e7as est\u00e3o adorando, correndo e se divertindo. Jundia\u00ed tem boas a\u00e7\u00f5es para as crian\u00e7as\u201d, comentou Mayara.&nbsp;<\/p>\n\n\n\n<figure class=\"wp-block-image\"><img decoding=\"async\" src=\"https:\/\/jundiai.sp.gov.br\/noticias\/wp-content\/uploads\/sites\/32\/2022\/01\/ruas_de_brincar_fabrica_japy-23.jpg\" alt=\"\" class=\"wp-image-284115\" \/><figcaption>Fam\u00edlias se divertem na F\u00e1brica das Inf\u00e2ncias Japy<\/figcaption><\/figure>\n\n\n\n<p>As a\u00e7\u00f5es fazem parte da programa\u00e7\u00e3o cultural gratuita voltada para crian\u00e7as e jovens preparada pela Unidade de Gest\u00e3o de Cultura (UGC), que, conforme estabelecido pelo Comit\u00ea Municipal de Preven\u00e7\u00e3o e Enfrentamento ao Coronav\u00edrus (CEC), contam com controle de p\u00fablico no local. Seguem obrigat\u00f3rios o uso de m\u00e1scara e&nbsp; o cumprimento de protocolos sanit\u00e1rios.&nbsp;<\/p>\n\n\n\n<p>As iniciativas da Cidade das Crian\u00e7as tamb\u00e9m s\u00e3o aprovadas pela administradora Alessandra Carvalho, que levou os filhos Benjamin, 1 ano, e Joaquim, 4 anos, para participarem das atividades na F\u00e1brica das Inf\u00e2ncias. \u201cSou carioca e h\u00e1 muitos anos moro em Jundia\u00ed e as a\u00e7\u00f5es que o munic\u00edpio desenvolve para as crian\u00e7as s\u00e3o fant\u00e1sticas. Frequentemente levo meus filhos para o Mundo das Crian\u00e7as, o Joaquim adora o espa\u00e7o\u201d, declarou.<\/p>\n\n\n\n<p><a href=\"https:\/\/jundiai.sp.gov.br\/noticias\/2022\/01\/13\/fabrica-das-infancias-japy-confira-a-programacao-completa-de-atividades-gratuitas-para-a-criancada\/\">CONFIRA A PROGRAMA\u00c7\u00c3O COMPLETA DA F\u00c1BRICA DAS INF\u00c2NCIAS JAPY<\/a><\/p>\n\n\n\n<figure class=\"wp-block-image\"><img decoding=\"async\" src=\"https:\/\/jundiai.sp.gov.br\/noticias\/wp-content\/uploads\/sites\/32\/2022\/01\/ruas_de_brincar_fabrica_japy-10.jpg\" alt=\"\" class=\"wp-image-284116\" \/><figcaption>Atividades gratuitas voltadas para crian\u00e7as e jovens<\/figcaption><\/figure>\n\n\n\n<p><strong>Polytheama&nbsp;<\/strong><\/p>\n\n\n\n<p>No per\u00edodo da tarde, a programa\u00e7\u00e3o continuou no Teatro Polytheama com o primeiro espet\u00e1culo da a\u00e7\u00e3o \u201cCrian\u00e7as em F\u00e9rias \u00e9 no Poly\u201d com o espet\u00e1culo \u201cM\u00fasica &amp; Historias \u2013 Cantando como Crian\u00e7as\u201d.<\/p>\n\n\n\n<p>Com repert\u00f3rio de cantigas de roda do imagin\u00e1rio popular e sucessos do universo infantil musical, o espet\u00e1culo encantou adultos e crian\u00e7as. F\u00e1bio Tavares de Oliveira e esposa levaram os filhos Joaquim, 2 anos, e Jo\u00e3o, 5 anos. \u201cO Jo\u00e3o adora cultura e o Joaquim \u00e9 apaixonado por m\u00fasica. Soubemos da programa\u00e7\u00e3o pela comunica\u00e7\u00e3o do WhatsApp e rede social e hoje viemos com as crian\u00e7as. Sempre aproveitamos as a\u00e7\u00f5es para passear com eles\u201d, contou.<\/p>\n\n\n\n<figure class=\"wp-block-image\"><img decoding=\"async\" src=\"https:\/\/jundiai.sp.gov.br\/noticias\/wp-content\/uploads\/sites\/32\/2022\/01\/musica_e_historias_polytheama_criancas-1.jpg\" alt=\"\" class=\"wp-image-284119\" \/><figcaption>As fam\u00edlias aproveitaram o espet\u00e1culo da tarde no Polytheama<\/figcaption><\/figure>\n\n\n\n<p>Camila Martim levou os filhos Thomaz, 5 anos, e Elisa, 3 anos, pela primeira vez ao teatro. \u201cA Elisa \u00e9 pequena e estamos retomando os passeios em lugares mais fechados agora, mas acompanho pelas redes sociais e certamente vamos prestigiar mais vezes\u201d, disse.<\/p>\n\n\n\n<p><a href=\"https:\/\/jundiai.sp.gov.br\/noticias\/2022\/01\/05\/cultura-lanca-programacao-infantojuvenil-gratuita-para-os-finais-de-semana-de-ferias-no-polytheama\/\">CONFIRA A PROGRAMA\u00c7\u00c3O COMPLETA DO \u2018CRIAN\u00c7AS EM F\u00c9RIAS \u00c9 NO POLY\u2019<\/a><\/p>\n\n\n\n<p>A programa\u00e7\u00e3o continua no domingo (16). Pela manh\u00e3, na F\u00e1brica das Inf\u00e2ncias Japy, \u00e0s 9h30, ser\u00e1 realizada a conta\u00e7\u00e3o de hist\u00f3ria, com Valqu\u00edria Malagoli; \u00e0s 10h30, a oficina de musicaliza\u00e7\u00e3o com Karen Comanduli, uma atividade voltada principalmente para crian\u00e7as de zero a tr\u00eas anos.&nbsp;<\/p>\n\n\n\n<figure class=\"wp-block-image\"><img decoding=\"async\" src=\"https:\/\/jundiai.sp.gov.br\/noticias\/wp-content\/uploads\/sites\/32\/2022\/01\/musica_e_historias_polytheama_criancas-14.jpg\" alt=\"\" class=\"wp-image-284120\" \/><figcaption>\u201cCrian\u00e7a em F\u00e9rias \u00e9 no Poly\u201d encanta crian\u00e7as e adultos<\/figcaption><\/figure>\n\n\n\n<p>J\u00e1 na Pinacoteca, \u00e0s 9h30, tem in\u00edcio a programa\u00e7\u00e3o \u201cF\u00e9rias na Pinacoteca\u201d, com a oficina de brincadeiras e montagens de caixas, com as arte-educadoras Iara Jamra e Nininha Petersen. A ativiidade ser\u00e1 no estacionamento da C\u00e2mara Municipal, ao lado da Pinacoteca, e a participa\u00e7\u00e3o ser\u00e1 por ordem de chegada.&nbsp;<\/p>\n\n\n\n<p><a href=\"https:\/\/jundiai.sp.gov.br\/noticias\/2022\/01\/08\/ferias-na-pinacoteca-oficinas-gratuitas-para-criancas-e-jovens-seguem-com-inscricoes-abertas\/\">CONFIRA A PROGRAMA\u00c7\u00c3O COMPLETA DAS \u2018F\u00c9RIAS NA PINACOTECA\u2019<\/a><\/p>\n\n\n\n<p><em>Fonte: Prefeitura de Jundia\u00ed<\/em><\/p>\n","protected":false},"excerpt":{"rendered":"<p>As a\u00e7\u00f5es fazem parte da programa\u00e7\u00e3o cultural gratuita voltada para crian\u00e7as e jovens da UGC.<\/p>\n","protected":false},"author":9,"featured_media":87438,"comment_status":"closed","ping_status":"closed","sticky":false,"template":"","format":"standard","meta":{"footnotes":""},"categories":[2833,8356,8354,1],"tags":[],"class_list":["post-87437","post","type-post","status-publish","format-standard","has-post-thumbnail","hentry","category-cultura","category-jundiai","category-lazer","category-noticias"],"_links":{"self":[{"href":"https:\/\/tvtecjundiai.com.br\/news\/wp-json\/wp\/v2\/posts\/87437","targetHints":{"allow":["GET"]}}],"collection":[{"href":"https:\/\/tvtecjundiai.com.br\/news\/wp-json\/wp\/v2\/posts"}],"about":[{"href":"https:\/\/tvtecjundiai.com.br\/news\/wp-json\/wp\/v2\/types\/post"}],"author":[{"embeddable":true,"href":"https:\/\/tvtecjundiai.com.br\/news\/wp-json\/wp\/v2\/users\/9"}],"replies":[{"embeddable":true,"href":"https:\/\/tvtecjundiai.com.br\/news\/wp-json\/wp\/v2\/comments?post=87437"}],"version-history":[{"count":1,"href":"https:\/\/tvtecjundiai.com.br\/news\/wp-json\/wp\/v2\/posts\/87437\/revisions"}],"predecessor-version":[{"id":87439,"href":"https:\/\/tvtecjundiai.com.br\/news\/wp-json\/wp\/v2\/posts\/87437\/revisions\/87439"}],"wp:featuredmedia":[{"embeddable":true,"href":"https:\/\/tvtecjundiai.com.br\/news\/wp-json\/wp\/v2\/media\/87438"}],"wp:attachment":[{"href":"https:\/\/tvtecjundiai.com.br\/news\/wp-json\/wp\/v2\/media?parent=87437"}],"wp:term":[{"taxonomy":"category","embeddable":true,"href":"https:\/\/tvtecjundiai.com.br\/news\/wp-json\/wp\/v2\/categories?post=87437"},{"taxonomy":"post_tag","embeddable":true,"href":"https:\/\/tvtecjundiai.com.br\/news\/wp-json\/wp\/v2\/tags?post=87437"}],"curies":[{"name":"wp","href":"https:\/\/api.w.org\/{rel}","templated":true}]}}