{"id":87488,"date":"2022-01-17T15:14:23","date_gmt":"2022-01-17T18:14:23","guid":{"rendered":"https:\/\/tvtecjundiai.com.br\/news\/?p=87488"},"modified":"2022-01-17T16:06:23","modified_gmt":"2022-01-17T19:06:23","slug":"estao-abertas-as-inscricoes-de-bailarinos-e-coreografias-para-o-24o-enredanca-2022-1","status":"publish","type":"post","link":"https:\/\/tvtecjundiai.com.br\/news\/2022\/01\/17\/estao-abertas-as-inscricoes-de-bailarinos-e-coreografias-para-o-24o-enredanca-2022-1\/","title":{"rendered":"Est\u00e3o abertas as inscri\u00e7\u00f5es de bailarinos e coreografias para o Enredan\u00e7a 2022"},"content":{"rendered":"\n<p>At\u00e9 o dia 01 de mar\u00e7o, a Unidade de Gest\u00e3o de Cultura (UGC) recebe pela internet as inscri\u00e7\u00f5es para o&nbsp;<a href=\"https:\/\/cultura.jundiai.sp.gov.br\/enredanca\/\" target=\"_blank\" rel=\"noreferrer noopener\">Enredan\u00e7a<\/a>, um dos mais tradicionais eventos culturais n\u00e3o apenas de Jundia\u00ed e regi\u00e3o, mas tamb\u00e9m no cen\u00e1rio da Dan\u00e7a nacional. Este ano, o festival chega \u00e0 sua 24\u00aa edi\u00e7\u00e3o e movimentar\u00e1 a cidade no per\u00edodo de 08 a 24 de abril.<\/p>\n\n\n\n<p>\u201cDurante a pandemia e o isolamento social a sociedade p\u00f4de ter ainda mais consci\u00eancia da import\u00e2ncia das Artes e da Cultura para a qualidade de vida das pessoas. Esta edi\u00e7\u00e3o do Enredan\u00e7a vem para mostrar como a Prefeitura incentiva e valoriza a Dan\u00e7a enquanto linguaguem art\u00edstica e quer promover o interc\u00e2mbio entre os artistas deste segmento. Com os cuidados que o enfrentamento \u00e0 Covid exige, queremos retomar o sucesso do festival em 2019, \u00faltimo realizado presencialmente, quando tivemos 220 coreografias inscritas, entre Mostras Competitiva e Paralela, mais de 700 bailarinos participantes e 85 academias ou escolas inscritas, al\u00e9m da participa\u00e7\u00e3o especial da renomada bailarina e core\u00f3grafa Ana Botafogo\u201d, explica o diretor do Departamento de Cultura da UGC, Jo\u00e3o Carlos De Luca.<\/p>\n\n\n\n<p><a href=\"https:\/\/www.flickr.com\/photos\/prefeituradejundiai\/albums\/72157707090336271\" target=\"_blank\" rel=\"noreferrer noopener\">CONFIRA AS FOTOS DO ENREDAN\u00c7A 2019<\/a><\/p>\n\n\n\n<figure class=\"wp-block-image\"><img decoding=\"async\" src=\"https:\/\/jundiai.sp.gov.br\/noticias\/wp-content\/uploads\/sites\/32\/2022\/01\/enredanca_ana_botafogo-764.jpg\" alt=\"\" class=\"wp-image-284153\" \/><figcaption>Em 2019, Ana Botafogo participou do festival e realizou uma masterclass com interessados e uma palestra para os bailarinos da Cia. Jovem de Dan\u00e7a<\/figcaption><\/figure>\n\n\n\n<p>A programa\u00e7\u00e3o do 24\u00ba Enredan\u00e7a come\u00e7a com as Oficinas e workshops com bailarinos e core\u00f3grafos, e com as Mostras Paralelas, com as participa\u00e7\u00f5es dos inscritos em pontos diversos da cidade, como o Complexo Fepasa, demais equipamentos culturais, al\u00e9m das regi\u00f5es Central e dos bairros.<\/p>\n\n\n\n<p>J\u00e1 as apresenta\u00e7\u00f5es competitivas ser\u00e3o realizadas entre os dias 16 a 24 de abril, no palco do Teatro Polytheama. No \u00faltimo dia ser\u00e3o realizados ainda a Matin\u00ea e a Noite de Gala do festival, quando ser\u00e3o feitas as premia\u00e7\u00f5es de R$ 1 mil ou R$ 2 mil para os melhores bailarinos, revela\u00e7\u00f5es, conjunto e coreografia.<\/p>\n\n\n\n<p><a href=\"https:\/\/cultura.jundiai.sp.gov.br\/enredanca-2021\/\" target=\"_blank\" rel=\"noreferrer noopener\">EM 2021, FESTIVAL CONTOU COM EDI\u00c7\u00c3O ON-LINE<\/a><\/p>\n\n\n\n<p>Nas categorias Infantil, Juvenil e Adulto, poder\u00e3o ser realizadas inscri\u00e7\u00f5es nas modalidades Cl\u00e1ssico de Repert\u00f3rio (Varia\u00e7\u00e3o e Pas de Deux, Grand Pas de Deux e Grand Pas de Trois e Conjunto), Cl\u00e1ssico Livre, Neocl\u00e1ssico, Contempor\u00e2neo, Dan\u00e7a Esportiva, Dan\u00e7a de Sal\u00e3o, Dan\u00e7a do Ventre, Dan\u00e7as Populares, Dan\u00e7a Urbana, Estilo Livre, Flamenco, Jazz e Sapateado Americano.<\/p>\n\n\n\n<p>As inscri\u00e7\u00f5es ser\u00e3o realizadas online e atrav\u00e9s de dois formul\u00e1rios Google, um para a&nbsp;<a href=\"https:\/\/docs.google.com\/forms\/d\/e\/1FAIpQLSeXB95e38KM5gYUF3URl0-N1K-O15Rsm1xsPJP_tSugv12Dew\/viewform\" target=\"_blank\" rel=\"noreferrer noopener\">inscri\u00e7\u00e3o das coreografias<\/a>&nbsp;e outro para a&nbsp;<a href=\"https:\/\/docs.google.com\/forms\/d\/e\/1FAIpQLSc1tnVPL4ebNvSHz-v0HgD-YD4uF_E0ALMmMaiaN5MEpBj4tA\/viewform\" target=\"_blank\" rel=\"noreferrer noopener\">inscri\u00e7\u00e3o dos bailarinos<\/a>. Cada proponente poder\u00e1 se inscrever com at\u00e9 seis (06) coreografias, podendo ser pessoa F\u00edsica ou Jur\u00eddica regularizada.<\/p>\n\n\n\n<p>Mais informa\u00e7\u00f5es no&nbsp;<a rel=\"noreferrer noopener\" href=\"https:\/\/cultura.jundiai.sp.gov.br\/wp-content\/uploads\/2022\/01\/CONCURSO-001_2022-24o-ENREDANCA-JUNDIAI.pdf\" target=\"_blank\">edital de concurso n\u00ba 01\/2022<\/a>, no&nbsp;<a href=\"https:\/\/cultura.jundiai.sp.gov.br\/enredanca\/\" target=\"_blank\" rel=\"noreferrer noopener\">site do festival<\/a>, pelo e-mail&nbsp;<a href=\"mailto:enredanca@jundiai.sp.gov.br\">enredanca@jundiai.sp.gov.br<\/a>&nbsp;ou pelo telefone (11) 4589-6800.<\/p>\n\n\n\n<figure class=\"wp-block-image\"><img decoding=\"async\" src=\"https:\/\/jundiai.sp.gov.br\/noticias\/wp-content\/uploads\/sites\/32\/2022\/01\/enredanca_polytheama-1.jpg\" alt=\"\" class=\"wp-image-284155\" \/><figcaption>Apresenta\u00e7\u00f5es competitivas ser\u00e3o realizadas entre os dias 16 a 24 de abril, no Polytheama<\/figcaption><\/figure>\n\n\n\n<p><em><strong>(Fonte\/Imagem: Prefeitura de Jundia\u00ed)<\/strong><\/em><\/p>\n","protected":false},"excerpt":{"rendered":"<p>Apresenta\u00e7\u00f5es competitivas ser\u00e3o realizadas entre os dias 16 a 24 de abril, no Polytheama.<\/p>\n","protected":false},"author":27,"featured_media":87489,"comment_status":"closed","ping_status":"closed","sticky":false,"template":"","format":"standard","meta":{"footnotes":""},"categories":[2833,8356],"tags":[],"class_list":["post-87488","post","type-post","status-publish","format-standard","has-post-thumbnail","hentry","category-cultura","category-jundiai"],"_links":{"self":[{"href":"https:\/\/tvtecjundiai.com.br\/news\/wp-json\/wp\/v2\/posts\/87488","targetHints":{"allow":["GET"]}}],"collection":[{"href":"https:\/\/tvtecjundiai.com.br\/news\/wp-json\/wp\/v2\/posts"}],"about":[{"href":"https:\/\/tvtecjundiai.com.br\/news\/wp-json\/wp\/v2\/types\/post"}],"author":[{"embeddable":true,"href":"https:\/\/tvtecjundiai.com.br\/news\/wp-json\/wp\/v2\/users\/27"}],"replies":[{"embeddable":true,"href":"https:\/\/tvtecjundiai.com.br\/news\/wp-json\/wp\/v2\/comments?post=87488"}],"version-history":[{"count":3,"href":"https:\/\/tvtecjundiai.com.br\/news\/wp-json\/wp\/v2\/posts\/87488\/revisions"}],"predecessor-version":[{"id":87494,"href":"https:\/\/tvtecjundiai.com.br\/news\/wp-json\/wp\/v2\/posts\/87488\/revisions\/87494"}],"wp:featuredmedia":[{"embeddable":true,"href":"https:\/\/tvtecjundiai.com.br\/news\/wp-json\/wp\/v2\/media\/87489"}],"wp:attachment":[{"href":"https:\/\/tvtecjundiai.com.br\/news\/wp-json\/wp\/v2\/media?parent=87488"}],"wp:term":[{"taxonomy":"category","embeddable":true,"href":"https:\/\/tvtecjundiai.com.br\/news\/wp-json\/wp\/v2\/categories?post=87488"},{"taxonomy":"post_tag","embeddable":true,"href":"https:\/\/tvtecjundiai.com.br\/news\/wp-json\/wp\/v2\/tags?post=87488"}],"curies":[{"name":"wp","href":"https:\/\/api.w.org\/{rel}","templated":true}]}}