{"id":8820,"date":"2018-04-13T14:42:09","date_gmt":"2018-04-13T17:42:09","guid":{"rendered":"https:\/\/tvtecjundiai.com.br\/news\/?p=8820"},"modified":"2018-04-13T14:45:21","modified_gmt":"2018-04-13T17:45:21","slug":"vigilancia-epidemiologica-explica-sindrome-mao-pe-boca","status":"publish","type":"post","link":"https:\/\/tvtecjundiai.com.br\/news\/2018\/04\/13\/vigilancia-epidemiologica-explica-sindrome-mao-pe-boca\/","title":{"rendered":"Vigil\u00e2ncia Epidemiol\u00f3gica explica S\u00edndrome M\u00e3o-P\u00e9-Boca"},"content":{"rendered":"<div id=\"attachment_8821\" style=\"width: 460px\" class=\"wp-caption alignright\"><a href=\"https:\/\/tvtecjundiai.com.br\/news\/wp-content\/uploads\/sites\/2\/2018\/04\/dr-aline-mendes-com-a-bebe-emanuelly-cristina-de-lima-santana-4.jpg\"><img loading=\"lazy\" decoding=\"async\" aria-describedby=\"caption-attachment-8821\" class=\"wp-image-8821\" src=\"https:\/\/tvtecjundiai.com.br\/news\/wp-content\/uploads\/sites\/2\/2018\/04\/dr-aline-mendes-com-a-bebe-emanuelly-cristina-de-lima-santana-4-300x209.jpg\" alt=\"\" width=\"450\" height=\"314\" srcset=\"https:\/\/tvtecjundiai.com.br\/news\/wp-content\/uploads\/sites\/2\/2018\/04\/dr-aline-mendes-com-a-bebe-emanuelly-cristina-de-lima-santana-4-300x209.jpg 300w, https:\/\/tvtecjundiai.com.br\/news\/wp-content\/uploads\/sites\/2\/2018\/04\/dr-aline-mendes-com-a-bebe-emanuelly-cristina-de-lima-santana-4-768x535.jpg 768w, https:\/\/tvtecjundiai.com.br\/news\/wp-content\/uploads\/sites\/2\/2018\/04\/dr-aline-mendes-com-a-bebe-emanuelly-cristina-de-lima-santana-4-1200x836.jpg 1200w, https:\/\/tvtecjundiai.com.br\/news\/wp-content\/uploads\/sites\/2\/2018\/04\/dr-aline-mendes-com-a-bebe-emanuelly-cristina-de-lima-santana-4.jpg 1240w\" sizes=\"auto, (max-width: 450px) 100vw, 450px\" \/><\/a><p id=\"caption-attachment-8821\" class=\"wp-caption-text\">Pais e respons\u00e1veis devem ficar atentos aos sintomas da doen\u00e7a viral<\/p><\/div>\n<p>Jundia\u00ed n\u00e3o est\u00e1 entre as cidades com registros de casos graves da doen\u00e7a conhecida como S\u00edndrome M\u00e3o-P\u00e9-Boca (SMPB), contudo, \u00e9 importante alertar pais e respons\u00e1veis sobre a exist\u00eancia da patologia. A Unidade de Gest\u00e3o de Promo\u00e7\u00e3o da Sa\u00fade (UGPS), por meio da Vigil\u00e2ncia Epidemiol\u00f3gica (VE), esclarece sobre os riscos e as formas de transmiss\u00e3o da doen\u00e7a, que \u00e9 comum na inf\u00e2ncia.<\/p>\n<p>De acordo com a enfermeira da Vigil\u00e2ncia Epidemiol\u00f3gica, Cinara Fredo, a doen\u00e7a tem transmiss\u00e3o por via respirat\u00f3ria e de contato. \u201cA SMPB \u00e9 uma infec\u00e7\u00e3o causada por v\u00edrus presente no intestino, contagiosa e comum em crian\u00e7as com menos de 5 anos de idade. Eventualmente acomete adultos. \u00c9 caracterizada por febre, les\u00f5es na boca e erup\u00e7\u00f5es nas m\u00e3os e nos p\u00e9s. Na maioria dos casos \u00e9 uma doen\u00e7a branda e benigna, por\u00e9m, h\u00e1 possibilidade de complica\u00e7\u00f5es. A higiene pessoal e do ambiente \u00e9 fundamental para evitar o cont\u00e1gio e transmiss\u00e3o\u201d, detalha.<\/p>\n<p>Os primeiros sintomas, de acordo com a enfermeira, s\u00e3o dor de garganta e febre (38\u00b0 \u2013 39\u00b0 C), mal-estar e perda do apetite. Na sequ\u00eancia, surgem as les\u00f5es: pontos avermelhados que se transformam em pequenas bolhas e, posteriormente, \u00falceras dolorosas (semelhante a aftas) na parte interna das bochechas e gengivas, que podem causar perda de apetite e dor ao engolir.<\/p>\n<p>A SMPB costuma durar de 7 a 10 dias e a cura \u00e9 espont\u00e2nea. A complica\u00e7\u00e3o mais comum \u00e9 a desidrata\u00e7\u00e3o, com necessidade de interna\u00e7\u00e3o hospitalar, causada pela dificuldade para engolir.<\/p>\n<p>A enfermeira lembra que as medidas para evitar a transmiss\u00e3o desta, bem como de v\u00e1rias outras doen\u00e7as, s\u00e3o simples: lavar as m\u00e3os frequentemente com sab\u00e3o e \u00e1gua, especialmente depois de trocar fraldas e usar o banheiro; limpar e desinfetar superf\u00edcies e brinquedos, al\u00e9m de evitar contato pr\u00f3ximo, como beijar, abra\u00e7ar ou compartilhar utens\u00edlios ou copos s\u00e3o medidas eficientes de prote\u00e7\u00e3o. Ainda n\u00e3o existe vacina contra a doen\u00e7a m\u00e3o-p\u00e9-boca.<\/p>\n<p><em>Fonte: Prefeitura de Jundia\u00ed<\/em><\/p>\n","protected":false},"excerpt":{"rendered":"<p>Ainda n\u00e3o existe vacina contra a doen\u00e7a<\/p>\n","protected":false},"author":10,"featured_media":8821,"comment_status":"closed","ping_status":"closed","sticky":false,"template":"","format":"standard","meta":{"footnotes":""},"categories":[1,2839],"tags":[5,6,15],"class_list":["post-8820","post","type-post","status-publish","format-standard","has-post-thumbnail","hentry","category-noticias","category-saude","tag-jundiai","tag-saude","tag-tvtec"],"_links":{"self":[{"href":"https:\/\/tvtecjundiai.com.br\/news\/wp-json\/wp\/v2\/posts\/8820","targetHints":{"allow":["GET"]}}],"collection":[{"href":"https:\/\/tvtecjundiai.com.br\/news\/wp-json\/wp\/v2\/posts"}],"about":[{"href":"https:\/\/tvtecjundiai.com.br\/news\/wp-json\/wp\/v2\/types\/post"}],"author":[{"embeddable":true,"href":"https:\/\/tvtecjundiai.com.br\/news\/wp-json\/wp\/v2\/users\/10"}],"replies":[{"embeddable":true,"href":"https:\/\/tvtecjundiai.com.br\/news\/wp-json\/wp\/v2\/comments?post=8820"}],"version-history":[{"count":2,"href":"https:\/\/tvtecjundiai.com.br\/news\/wp-json\/wp\/v2\/posts\/8820\/revisions"}],"predecessor-version":[{"id":8826,"href":"https:\/\/tvtecjundiai.com.br\/news\/wp-json\/wp\/v2\/posts\/8820\/revisions\/8826"}],"wp:featuredmedia":[{"embeddable":true,"href":"https:\/\/tvtecjundiai.com.br\/news\/wp-json\/wp\/v2\/media\/8821"}],"wp:attachment":[{"href":"https:\/\/tvtecjundiai.com.br\/news\/wp-json\/wp\/v2\/media?parent=8820"}],"wp:term":[{"taxonomy":"category","embeddable":true,"href":"https:\/\/tvtecjundiai.com.br\/news\/wp-json\/wp\/v2\/categories?post=8820"},{"taxonomy":"post_tag","embeddable":true,"href":"https:\/\/tvtecjundiai.com.br\/news\/wp-json\/wp\/v2\/tags?post=8820"}],"curies":[{"name":"wp","href":"https:\/\/api.w.org\/{rel}","templated":true}]}}