{"id":88284,"date":"2022-02-03T10:16:10","date_gmt":"2022-02-03T13:16:10","guid":{"rendered":"https:\/\/tvtecjundiai.com.br\/news\/?p=88284"},"modified":"2022-02-03T13:36:36","modified_gmt":"2022-02-03T16:36:36","slug":"empresa-brf-esta-com-vagas-de-emprego-abertas-em-jundiai","status":"publish","type":"post","link":"https:\/\/tvtecjundiai.com.br\/news\/2022\/02\/03\/empresa-brf-esta-com-vagas-de-emprego-abertas-em-jundiai\/","title":{"rendered":"Empresa BRF est\u00e1 com vagas de emprego abertas em Jundia\u00ed"},"content":{"rendered":"\n<p>A BRF, uma empresa multinacional brasileira do ramo aliment\u00edcio, fruto da fus\u00e3o entre Sadia e Perdig\u00e3o (duas das principais empresas de alimentos do Brasil) est\u00e1 com vagas de emprego abertas para a unidade em Jundia\u00ed, que fica na avenida Jos\u00e9 Benassi, 1300.<\/p>\n\n\n\n<p>As oportunidades s\u00e3o para Auxiliar de Monitoramento, T\u00e9cnico em Seguran\u00e7a do Trabalho PL, Aprendiz Administrativo, Coordenador Pricing II e Coordenador Trade Marketing. Os interessados podem se inscrever pelo site <a href=\"https:\/\/www.brf-global.com\/\">https:\/\/www.brf-global.com\/<\/a>, na aba Talentos. <\/p>\n\n\n\n<div class=\"wp-block-image\"><figure class=\"aligncenter size-full is-resized\"><img loading=\"lazy\" decoding=\"async\" src=\"https:\/\/tvtecjundiai.com.br\/news\/wp-content\/uploads\/sites\/2\/2022\/02\/brf.png\" alt=\"\" class=\"wp-image-88287\" width=\"795\" height=\"495\" srcset=\"https:\/\/tvtecjundiai.com.br\/news\/wp-content\/uploads\/sites\/2\/2022\/02\/brf.png 936w, https:\/\/tvtecjundiai.com.br\/news\/wp-content\/uploads\/sites\/2\/2022\/02\/brf-300x187.png 300w, https:\/\/tvtecjundiai.com.br\/news\/wp-content\/uploads\/sites\/2\/2022\/02\/brf-768x478.png 768w\" sizes=\"auto, (max-width: 795px) 100vw, 795px\" \/><\/figure><\/div>\n\n\n\n<p><strong>VAGAS<\/strong><\/p>\n\n\n\n<p><strong>Auxiliar de Monitoramento<\/strong><\/p>\n\n\n\n<p><strong>Forma\u00e7\u00e3o Acad\u00eamica<\/strong><\/p>\n\n\n\n<ul class=\"wp-block-list\"><li>Ensino M\u00e9dio<\/li><\/ul>\n\n\n\n<p><strong>Requisitos Desej\u00e1veis<\/strong><\/p>\n\n\n\n<ul class=\"wp-block-list\"><li>Viv\u00eancia de rotinas de Log\u00edstica, Relacionamento, Vendas<\/li><li>Diferencial conhecimento em SAP<\/li><li>Pacote Office<\/li><\/ul>\n\n\n\n<p><em>Link para inscri\u00e7\u00e3o: https:\/\/talents.brf.com\/job\/Jundia%C3%AD-Auxiliar-Monitoramento-Jundia%C3%AD-SP-S%C3%A3o-13213-085\/622176919\/<\/em> <\/p>\n\n\n\n<p><strong>T\u00e9cnico em Seguran\u00e7a do Trabalho PL<\/strong><\/p>\n\n\n\n<p><strong>Forma\u00e7\u00e3o Acad\u00eamica<\/strong><\/p>\n\n\n\n<ul class=\"wp-block-list\"><li>Ensino Superior Completo com Curso T\u00e9cnico em Seguran\u00e7a do Trabalho.<\/li><li>Registro ativo no conselho profissional.<\/li><\/ul>\n\n\n\n<p><strong>Requisitos Desej\u00e1veis<\/strong><\/p>\n\n\n\n<ul class=\"wp-block-list\"><li>Atua\u00e7\u00e3o em empresas de grande porte.<\/li><li>Comercial: Atua\u00e7\u00e3o em empresas com funcion\u00e1rios predominantemente externos (ex. for\u00e7a de vendas).<\/li><li>Opera\u00e7\u00f5es \/ Centros de Distribui\u00e7\u00e3o: Atua\u00e7\u00e3o em f\u00e1brica e\/ou CD.<\/li><\/ul>\n\n\n\n<p><strong>Experi\u00eancia<\/strong><\/p>\n\n\n\n<ul class=\"wp-block-list\"><li>2 anos<\/li><\/ul>\n\n\n\n<p><em>Link para inscri\u00e7\u00e3o: https:\/\/talents.brf.com\/job\/Jundia%C3%AD-Tec-Seguranca-Trabalho-PL-Jundia%C3%AD-SP-S%C3%A3o-13213-085\/621475819\/<\/em><\/p>\n\n\n\n<p><strong>Aprendiz Administrativo<\/strong><\/p>\n\n\n\n<p><strong>Forma\u00e7\u00e3o Acad\u00eamica<\/strong><\/p>\n\n\n\n<ul class=\"wp-block-list\"><li>Ensino M\u00e9dio cursando ou conclu\u00eddo<\/li><\/ul>\n\n\n\n<p><strong>Experi\u00eancia<\/strong><\/p>\n\n\n\n<ul class=\"wp-block-list\"><li>N\u00e3o requer<\/li><\/ul>\n\n\n\n<p><em>Link para inscri\u00e7\u00e3o: https:\/\/talents.brf.com\/job\/Jundia%C3%AD-Aprendiz-Administrativo-Jundia%C3%AD-S%C3%A3o-13213-085\/622015919\/<\/em><\/p>\n\n\n\n<p><strong>Coordenador Pricing II<\/strong><\/p>\n\n\n\n<p><strong>Forma\u00e7\u00e3o Acad\u00eamica<\/strong><\/p>\n\n\n\n<ul class=\"wp-block-list\"><li>Ensino Superior completo em Administra\u00e7\u00e3o de Empresas, Gest\u00e3o Comercial, Economia, Ci\u00eancias Cont\u00e1beis, Engenharia ou \u00e1reas afins.<\/li><li>P\u00f3s-gradua\u00e7\u00e3o ser\u00e1 um diferencial.<\/li><\/ul>\n\n\n\n<p><strong>Experi\u00eancia<\/strong><\/p>\n\n\n\n<ul class=\"wp-block-list\"><li>4 a 5 anos em rotinas comerciais<\/li><li>3 anos com an\u00e1lises de pricing \/ an\u00e1lises financeiras.<\/li><\/ul>\n\n\n\n<p><strong>Coordenador Trade Marketing<\/strong><\/p>\n\n\n\n<p><strong>Forma\u00e7\u00e3o Acad\u00eamica<\/strong><\/p>\n\n\n\n<ul class=\"wp-block-list\"><li>Ensino Superior completo<\/li><\/ul>\n\n\n\n<p><strong>Requisitos Desej\u00e1veis<\/strong><\/p>\n\n\n\n<ul class=\"wp-block-list\"><li>P\u00f3s-gradua\u00e7\u00e3o<\/li><\/ul>\n\n\n\n<ul class=\"wp-block-list\"><li>Ingl\u00eas ser\u00e1 um diferencial<\/li><\/ul>\n\n\n\n<p><strong>Experi\u00eancia<\/strong><\/p>\n\n\n\n<ul class=\"wp-block-list\"><li>4 a 5 anos<\/li><\/ul>\n\n\n\n<p><em>Link para inscri\u00e7\u00e3o: https:\/\/talents.brf.com\/job\/Jundia%C3%AD-Coordenador-Trade-Marketing-Jundia%C3%AD-SP-S%C3%A3o-13213-085\/621511119\/<\/em><\/p>\n\n\n\n<p><strong><em>(Fonte\/Imagem: Grupo BRF Divulga\u00e7\u00e3o)<\/em><\/strong><\/p>\n","protected":false},"excerpt":{"rendered":"<p>Oportunidades s\u00e3o para vagas de aprendiz e de efetivos<\/p>\n","protected":false},"author":30,"featured_media":88287,"comment_status":"closed","ping_status":"closed","sticky":false,"template":"","format":"standard","meta":{"footnotes":""},"categories":[29,5038,8356,1],"tags":[],"class_list":["post-88284","post","type-post","status-publish","format-standard","has-post-thumbnail","hentry","category-destaque","category-emprego","category-jundiai","category-noticias"],"_links":{"self":[{"href":"https:\/\/tvtecjundiai.com.br\/news\/wp-json\/wp\/v2\/posts\/88284","targetHints":{"allow":["GET"]}}],"collection":[{"href":"https:\/\/tvtecjundiai.com.br\/news\/wp-json\/wp\/v2\/posts"}],"about":[{"href":"https:\/\/tvtecjundiai.com.br\/news\/wp-json\/wp\/v2\/types\/post"}],"author":[{"embeddable":true,"href":"https:\/\/tvtecjundiai.com.br\/news\/wp-json\/wp\/v2\/users\/30"}],"replies":[{"embeddable":true,"href":"https:\/\/tvtecjundiai.com.br\/news\/wp-json\/wp\/v2\/comments?post=88284"}],"version-history":[{"count":2,"href":"https:\/\/tvtecjundiai.com.br\/news\/wp-json\/wp\/v2\/posts\/88284\/revisions"}],"predecessor-version":[{"id":88289,"href":"https:\/\/tvtecjundiai.com.br\/news\/wp-json\/wp\/v2\/posts\/88284\/revisions\/88289"}],"wp:featuredmedia":[{"embeddable":true,"href":"https:\/\/tvtecjundiai.com.br\/news\/wp-json\/wp\/v2\/media\/88287"}],"wp:attachment":[{"href":"https:\/\/tvtecjundiai.com.br\/news\/wp-json\/wp\/v2\/media?parent=88284"}],"wp:term":[{"taxonomy":"category","embeddable":true,"href":"https:\/\/tvtecjundiai.com.br\/news\/wp-json\/wp\/v2\/categories?post=88284"},{"taxonomy":"post_tag","embeddable":true,"href":"https:\/\/tvtecjundiai.com.br\/news\/wp-json\/wp\/v2\/tags?post=88284"}],"curies":[{"name":"wp","href":"https:\/\/api.w.org\/{rel}","templated":true}]}}