{"id":88317,"date":"2022-02-04T09:17:27","date_gmt":"2022-02-04T12:17:27","guid":{"rendered":"https:\/\/tvtecjundiai.com.br\/news\/?p=88317"},"modified":"2022-02-04T09:17:34","modified_gmt":"2022-02-04T12:17:34","slug":"emeb-arcina-aparecida-barboza-em-jundiai-recebe-obras-para-estabilizacao-no-talude","status":"publish","type":"post","link":"https:\/\/tvtecjundiai.com.br\/news\/2022\/02\/04\/emeb-arcina-aparecida-barboza-em-jundiai-recebe-obras-para-estabilizacao-no-talude\/","title":{"rendered":"EMEB Arcina Aparecida Barboza, em Jundia\u00ed, recebe obras para estabiliza\u00e7\u00e3o no talude"},"content":{"rendered":"\n<p>Em virtude da obra preventiva para conten\u00e7\u00e3o do talude e manuten\u00e7\u00e3o do muro de divisa na EMEB Professora Arcina Aparecida Nogueira Barboza, as crian\u00e7as dos grupos G2 e G3 ser\u00e3o transferidas temporariamente para o Lar An\u00e1lia Franco, escola que a Unidade de Gest\u00e3o de Educa\u00e7\u00e3o (UGE) mant\u00e9m parceria.<\/p>\n\n\n\n<p>O objetivo da transfer\u00eancia \u00e9 oferecer seguran\u00e7a aos estudantes e educadores. \u201cAs crian\u00e7as desses grupos precisam de um espa\u00e7o maior para o desenvolvimento das atividades, por isso optamos pela transfer\u00eancia tempor\u00e1ria\u201d, explica a gestora de Educa\u00e7\u00e3o, Vast\u00ed Ferrari Marques.<\/p>\n\n\n\n<p>A interven\u00e7\u00e3o est\u00e1 localizada na parte externa da escola, sem afetar os espa\u00e7os internos. Os estudantes do ber\u00e7\u00e1rio e do G1 permanecem na pr\u00f3pria EMEB Arcina. \u201cPor se tratar de crian\u00e7as bem pequenas, iremos utilizar as salas de aula e o espa\u00e7o externo pr\u00f3ximo \u00e0 entrada da escola para as atividades de desemparedamento. Essa \u00e9 uma iniciativa que pensa na seguran\u00e7a das crian\u00e7as e educadores, pois reduzimos o n\u00famero de pessoas, facilitando a higieniza\u00e7\u00e3o dos ambientes e evitando aglomera\u00e7\u00e3o\u201d, comenta Vast\u00ed.<\/p>\n\n\n\n<figure class=\"wp-block-image\"><img decoding=\"async\" src=\"https:\/\/jundiai.sp.gov.br\/noticias\/wp-content\/uploads\/sites\/32\/2022\/02\/emeb-arcina-aparecida_obras-24.jpg\" alt=\"Local em obras, com an\u00e9is de ferro aramado apoiados no ch\u00e3o.\" class=\"wp-image-285268\" \/><figcaption>Em virtude das obras, parte das crian\u00e7as s\u00e3o transferidas para o Lar An\u00e1lia Franco<\/figcaption><\/figure>\n\n\n\n<p>Antes da efetiva\u00e7\u00e3o das novas defini\u00e7\u00f5es, a equipe do departamento de Educa\u00e7\u00e3o Infantil promoveu uma reuni\u00e3o com os pais e respons\u00e1veis dos alunos para explicar a iniciativa. \u201cExplanamos a eles que a a\u00e7\u00e3o tem o cuidado com o espa\u00e7o para o melhor qualidade e seguran\u00e7a das crian\u00e7as e educadores. Ap\u00f3s a conclus\u00e3o das obras, previstas para o primeiro semestre de 2022, as fam\u00edlias dos estudantes do G2 e G3 poder\u00e3o optar se as crian\u00e7as voltam para a EMEB Arcina, ou se quiserem, podem mant\u00ea-los no Lar An\u00e1lia Franco, escola que a UGE conta com parceria\u201d, lembra a diretora de Educa\u00e7\u00e3o Infantil, Tha\u00eds Non\u00f4.<\/p>\n\n\n\n<p><strong><em>(Fonte\/Imagem: Prefeitura de Jundia\u00ed)<\/em><\/strong><\/p>\n","protected":false},"excerpt":{"rendered":"<p>Em virtude das obras, parte das crian\u00e7as s\u00e3o transferidas para o Lar An\u00e1lia Franco.<\/p>\n","protected":false},"author":25,"featured_media":88318,"comment_status":"closed","ping_status":"closed","sticky":false,"template":"","format":"standard","meta":{"footnotes":""},"categories":[2828,1],"tags":[],"class_list":["post-88317","post","type-post","status-publish","format-standard","has-post-thumbnail","hentry","category-educacao","category-noticias"],"_links":{"self":[{"href":"https:\/\/tvtecjundiai.com.br\/news\/wp-json\/wp\/v2\/posts\/88317","targetHints":{"allow":["GET"]}}],"collection":[{"href":"https:\/\/tvtecjundiai.com.br\/news\/wp-json\/wp\/v2\/posts"}],"about":[{"href":"https:\/\/tvtecjundiai.com.br\/news\/wp-json\/wp\/v2\/types\/post"}],"author":[{"embeddable":true,"href":"https:\/\/tvtecjundiai.com.br\/news\/wp-json\/wp\/v2\/users\/25"}],"replies":[{"embeddable":true,"href":"https:\/\/tvtecjundiai.com.br\/news\/wp-json\/wp\/v2\/comments?post=88317"}],"version-history":[{"count":1,"href":"https:\/\/tvtecjundiai.com.br\/news\/wp-json\/wp\/v2\/posts\/88317\/revisions"}],"predecessor-version":[{"id":88319,"href":"https:\/\/tvtecjundiai.com.br\/news\/wp-json\/wp\/v2\/posts\/88317\/revisions\/88319"}],"wp:featuredmedia":[{"embeddable":true,"href":"https:\/\/tvtecjundiai.com.br\/news\/wp-json\/wp\/v2\/media\/88318"}],"wp:attachment":[{"href":"https:\/\/tvtecjundiai.com.br\/news\/wp-json\/wp\/v2\/media?parent=88317"}],"wp:term":[{"taxonomy":"category","embeddable":true,"href":"https:\/\/tvtecjundiai.com.br\/news\/wp-json\/wp\/v2\/categories?post=88317"},{"taxonomy":"post_tag","embeddable":true,"href":"https:\/\/tvtecjundiai.com.br\/news\/wp-json\/wp\/v2\/tags?post=88317"}],"curies":[{"name":"wp","href":"https:\/\/api.w.org\/{rel}","templated":true}]}}