{"id":88324,"date":"2022-02-04T10:11:28","date_gmt":"2022-02-04T13:11:28","guid":{"rendered":"https:\/\/tvtecjundiai.com.br\/news\/?p=88324"},"modified":"2022-02-04T10:11:40","modified_gmt":"2022-02-04T13:11:40","slug":"mundo-das-criancas-em-jundiai-abre-agendamento-de-visitacao-para-escolas","status":"publish","type":"post","link":"https:\/\/tvtecjundiai.com.br\/news\/2022\/02\/04\/mundo-das-criancas-em-jundiai-abre-agendamento-de-visitacao-para-escolas\/","title":{"rendered":"Mundo das Crian\u00e7as, em Jundia\u00ed, abre agendamento de visita\u00e7\u00e3o para escolas"},"content":{"rendered":"\n<p>A volta \u00e0s aulas tamb\u00e9m marca a abertura da agenda de visita\u00e7\u00e3o de grupos escolares ao Mundo das Crian\u00e7as. A visita\u00e7\u00e3o de alunos ocorre duas vezes na semana, \u00e0s quartas e sextas-feiras, nos per\u00edodos da manh\u00e3 (das 8h \u00e0s 11h30) e tarde (das 8h \u00e0s 16h30).<\/p>\n\n\n\n<p>Al\u00e9m de escolas p\u00fablicas e particulares, institui\u00e7\u00f5es e demais grupos tamb\u00e9m podem reservar dias para conhecer o Mundo. Para solicitar, \u00e9 necess\u00e1rio enviar um email para\u00a0<a rel=\"noreferrer noopener\" href=\"mailto:contato@mundodascriancasjundiai.com.br\" target=\"_blank\">contato@mundodascriancasjundiai.com.br<\/a>\u00a0mencionando o nome da institui\u00e7\u00e3o, o n\u00famero de visitantes, dia e sugest\u00f5es de datas para realiza\u00e7\u00e3o da visita, que ser\u00e1 confirmada posteriormente.<\/p>\n\n\n\n<figure class=\"wp-block-image size-large\"><img loading=\"lazy\" decoding=\"async\" width=\"1200\" height=\"800\" src=\"https:\/\/tvtecjundiai.com.br\/news\/wp-content\/uploads\/sites\/2\/2022\/02\/visita-de-alunos-ao-mundo-1200x800.jpg\" alt=\"\" class=\"wp-image-88334\" srcset=\"https:\/\/tvtecjundiai.com.br\/news\/wp-content\/uploads\/sites\/2\/2022\/02\/visita-de-alunos-ao-mundo-1200x800.jpg 1200w, https:\/\/tvtecjundiai.com.br\/news\/wp-content\/uploads\/sites\/2\/2022\/02\/visita-de-alunos-ao-mundo-300x200.jpg 300w, https:\/\/tvtecjundiai.com.br\/news\/wp-content\/uploads\/sites\/2\/2022\/02\/visita-de-alunos-ao-mundo-768x512.jpg 768w, https:\/\/tvtecjundiai.com.br\/news\/wp-content\/uploads\/sites\/2\/2022\/02\/visita-de-alunos-ao-mundo.jpg 1280w\" sizes=\"auto, (max-width: 1200px) 100vw, 1200px\" \/><\/figure>\n\n\n\n<p>O agendamento pr\u00e9vio tamb\u00e9m segue necess\u00e1rio para o p\u00fablico em geral. Toda segunda-feira, ao meio-dia, o site do Mundo abre a nova agenda da semana (de ter\u00e7a a domingo) e o interessado pode reservar a data desejada.<\/p>\n\n\n\n<p>Podem ser agendadas visitas para as atra\u00e7\u00f5es do parque e tamb\u00e9m para as atra\u00e7\u00f5es esportivas (pista de skate e quadras de t\u00eanis, basquete 3\u00d73, v\u00f4lei e beach tennis). Para agendar, o endere\u00e7o \u00e9\u00a0<a rel=\"noreferrer noopener\" href=\"http:\/\/www.mundodascriancasjundiai.com.br\/agendamento\/\" target=\"_blank\">www.mundodascriancasjundiai.com.br\/agendamento\/<\/a><\/p>\n\n\n\n<p><strong><em>(Fonte\/Imagem: Prefeitura de Jundia\u00ed)<\/em><\/strong><\/p>\n","protected":false},"excerpt":{"rendered":"<p>A visita\u00e7\u00e3o de alunos ocorre duas vezes na semana, \u00e0s quartas e sextas-feiras.<\/p>\n","protected":false},"author":25,"featured_media":88334,"comment_status":"closed","ping_status":"closed","sticky":false,"template":"","format":"standard","meta":{"footnotes":""},"categories":[3084,1],"tags":[],"class_list":["post-88324","post","type-post","status-publish","format-standard","has-post-thumbnail","hentry","category-mundo","category-noticias"],"_links":{"self":[{"href":"https:\/\/tvtecjundiai.com.br\/news\/wp-json\/wp\/v2\/posts\/88324","targetHints":{"allow":["GET"]}}],"collection":[{"href":"https:\/\/tvtecjundiai.com.br\/news\/wp-json\/wp\/v2\/posts"}],"about":[{"href":"https:\/\/tvtecjundiai.com.br\/news\/wp-json\/wp\/v2\/types\/post"}],"author":[{"embeddable":true,"href":"https:\/\/tvtecjundiai.com.br\/news\/wp-json\/wp\/v2\/users\/25"}],"replies":[{"embeddable":true,"href":"https:\/\/tvtecjundiai.com.br\/news\/wp-json\/wp\/v2\/comments?post=88324"}],"version-history":[{"count":1,"href":"https:\/\/tvtecjundiai.com.br\/news\/wp-json\/wp\/v2\/posts\/88324\/revisions"}],"predecessor-version":[{"id":88335,"href":"https:\/\/tvtecjundiai.com.br\/news\/wp-json\/wp\/v2\/posts\/88324\/revisions\/88335"}],"wp:featuredmedia":[{"embeddable":true,"href":"https:\/\/tvtecjundiai.com.br\/news\/wp-json\/wp\/v2\/media\/88334"}],"wp:attachment":[{"href":"https:\/\/tvtecjundiai.com.br\/news\/wp-json\/wp\/v2\/media?parent=88324"}],"wp:term":[{"taxonomy":"category","embeddable":true,"href":"https:\/\/tvtecjundiai.com.br\/news\/wp-json\/wp\/v2\/categories?post=88324"},{"taxonomy":"post_tag","embeddable":true,"href":"https:\/\/tvtecjundiai.com.br\/news\/wp-json\/wp\/v2\/tags?post=88324"}],"curies":[{"name":"wp","href":"https:\/\/api.w.org\/{rel}","templated":true}]}}