{"id":88366,"date":"2022-02-04T16:43:25","date_gmt":"2022-02-04T19:43:25","guid":{"rendered":"https:\/\/tvtecjundiai.com.br\/news\/?p=88366"},"modified":"2022-02-04T16:43:51","modified_gmt":"2022-02-04T19:43:51","slug":"jundiai-registra-tres-obitos-e-e-4-641-casos-ativos-de-covid-19-nesta-sexta-feira-04","status":"publish","type":"post","link":"https:\/\/tvtecjundiai.com.br\/news\/2022\/02\/04\/jundiai-registra-tres-obitos-e-e-4-641-casos-ativos-de-covid-19-nesta-sexta-feira-04\/","title":{"rendered":"Jundia\u00ed registra tr\u00eas \u00f3bitos e e 4.641 casos ativos de COVID-19 nesta sexta-feira (04)"},"content":{"rendered":"\n<p id=\"a-prefeitura-de-jundiai-informa-que-nesta-sexta-feira-04-recebemos-tres-notificacoes-de-obitos-de-residentes-na-cidade-causados-pelo-novo-coronavirus-ate-o-fechamento-deste-boletim-homem-79-anos-portador-de-neoplasia-internou-21-01-e-faleceu-25-01-no-sao-vicente-mulher-59-anos-portadora-de-doenca-cardiovascular-cronica-internou-21-01-e-faleceu-04-02-no-sao-vicente-mulher-90-anos-portadora-de-doenca-cardiovascular-cronica-internou-26-01-e-faleceu-03-02-em-hospital-privado-na-cidade-ate-o-momento-a-cidade-registra-1692-obitos-causados-pela-covid-19-desde-o-inicio-da-pandemia-o-boletim-completo-com-todas-as-informacoes-pode-ser-acessado-na-pagina-exclusiva-clique-aqui-assessoria-de-imprensa\">A Prefeitura de Jundia\u00ed informa que, nesta sexta-feira (04), recebemos tr\u00eas notifica\u00e7\u00f5es de \u00f3bitos de residentes na cidade causados pelo Novo Coronav\u00edrus, at\u00e9 o fechamento deste boletim.<\/p>\n\n\n\n<p id=\"a-prefeitura-de-jundiai-informa-que-nesta-sexta-feira-04-recebemos-tres-notificacoes-de-obitos-de-residentes-na-cidade-causados-pelo-novo-coronavirus-ate-o-fechamento-deste-boletim-homem-79-anos-portador-de-neoplasia-internou-21-01-e-faleceu-25-01-no-sao-vicente-mulher-59-anos-portadora-de-doenca-cardiovascular-cronica-internou-21-01-e-faleceu-04-02-no-sao-vicente-mulher-90-anos-portadora-de-doenca-cardiovascular-cronica-internou-26-01-e-faleceu-03-02-em-hospital-privado-na-cidade-ate-o-momento-a-cidade-registra-1692-obitos-causados-pela-covid-19-desde-o-inicio-da-pandemia-o-boletim-completo-com-todas-as-informacoes-pode-ser-acessado-na-pagina-exclusiva-clique-aqui-assessoria-de-imprensa\">Homem, 79 anos, portador de neoplasia. Internou 21\/01 e faleceu 25\/01 no S\u00e3o Vicente.<br><br>Mulher, 59 anos, portadora de doen\u00e7a cardiovascular cr\u00f4nica. Internou 21\/01 e faleceu 04\/02 no S\u00e3o Vicente.<br><br>Mulher, 90 anos, portadora de doen\u00e7a cardiovascular cr\u00f4nica. Internou 26\/01 e faleceu 03\/02 em hospital privado na cidade.<br><br>At\u00e9 o momento, a cidade registra 1692 \u00f3bitos causados pela COVID-19 desde o in\u00edcio da pandemia.<br><br><\/p>\n\n\n\n<figure class=\"wp-block-image\"><img decoding=\"async\" src=\"https:\/\/jundiai.sp.gov.br\/noticias\/wp-content\/uploads\/sites\/32\/2022\/02\/post_boletim_covid-19_feed-768x960.png\" alt=\"\" class=\"wp-image-285391\" \/><\/figure>\n\n\n\n<p><em><strong>(Fonte\/Imagem: Prefeitura de Jundia\u00ed)<\/strong><\/em><\/p>\n","protected":false},"excerpt":{"rendered":"<p>Foram registrados 619 novos casos da doen\u00e7a.<\/p>\n","protected":false},"author":27,"featured_media":67416,"comment_status":"closed","ping_status":"closed","sticky":false,"template":"","format":"standard","meta":{"footnotes":""},"categories":[8356],"tags":[],"class_list":["post-88366","post","type-post","status-publish","format-standard","has-post-thumbnail","hentry","category-jundiai"],"_links":{"self":[{"href":"https:\/\/tvtecjundiai.com.br\/news\/wp-json\/wp\/v2\/posts\/88366","targetHints":{"allow":["GET"]}}],"collection":[{"href":"https:\/\/tvtecjundiai.com.br\/news\/wp-json\/wp\/v2\/posts"}],"about":[{"href":"https:\/\/tvtecjundiai.com.br\/news\/wp-json\/wp\/v2\/types\/post"}],"author":[{"embeddable":true,"href":"https:\/\/tvtecjundiai.com.br\/news\/wp-json\/wp\/v2\/users\/27"}],"replies":[{"embeddable":true,"href":"https:\/\/tvtecjundiai.com.br\/news\/wp-json\/wp\/v2\/comments?post=88366"}],"version-history":[{"count":1,"href":"https:\/\/tvtecjundiai.com.br\/news\/wp-json\/wp\/v2\/posts\/88366\/revisions"}],"predecessor-version":[{"id":88367,"href":"https:\/\/tvtecjundiai.com.br\/news\/wp-json\/wp\/v2\/posts\/88366\/revisions\/88367"}],"wp:featuredmedia":[{"embeddable":true,"href":"https:\/\/tvtecjundiai.com.br\/news\/wp-json\/wp\/v2\/media\/67416"}],"wp:attachment":[{"href":"https:\/\/tvtecjundiai.com.br\/news\/wp-json\/wp\/v2\/media?parent=88366"}],"wp:term":[{"taxonomy":"category","embeddable":true,"href":"https:\/\/tvtecjundiai.com.br\/news\/wp-json\/wp\/v2\/categories?post=88366"},{"taxonomy":"post_tag","embeddable":true,"href":"https:\/\/tvtecjundiai.com.br\/news\/wp-json\/wp\/v2\/tags?post=88366"}],"curies":[{"name":"wp","href":"https:\/\/api.w.org\/{rel}","templated":true}]}}