{"id":88418,"date":"2022-02-07T08:52:58","date_gmt":"2022-02-07T11:52:58","guid":{"rendered":"https:\/\/tvtecjundiai.com.br\/news\/?p=88418"},"modified":"2022-02-07T08:53:14","modified_gmt":"2022-02-07T11:53:14","slug":"predio-em-reforma-no-eloy-chaves-recebe-a-nova-escola-inovadora-emeb-irma-ursula-gherello","status":"publish","type":"post","link":"https:\/\/tvtecjundiai.com.br\/news\/2022\/02\/07\/predio-em-reforma-no-eloy-chaves-recebe-a-nova-escola-inovadora-emeb-irma-ursula-gherello\/","title":{"rendered":"Pr\u00e9dio em reforma no Eloy Chaves recebe a nova Escola Inovadora EMEB Irm\u00e3 \u00darsula Gherello"},"content":{"rendered":"\n<p>Com o objetivo de oferecer uma escola em novo espa\u00e7o, que possibilita receber mais estudantes, o Departamento de Obras e Manuten\u00e7\u00e3o da Unidade de Gest\u00e3o de Educa\u00e7\u00e3o (UGE) realiza obras em um pr\u00e9dio no Eloy Chaves que vai receber a Escola Inovadora EMEB Irm\u00e3 \u00darsula Gherello.<\/p>\n\n\n\n<p>\u201cTemos o compromisso de promover melhorias e reformas em todas as escolas da rede municipal de Jundia\u00ed e estamos avan\u00e7ando com esse objetivo. Promover espa\u00e7os amplos e com \u00e1reas ao ar livre para que as crian\u00e7as possam aprender em contato com a natureza est\u00e1 alinhado \u00e0 Escola Inovadora e Cidade das Crian\u00e7as\u201d, comenta o prefeito Luiz Fernando Machado.<\/p>\n\n\n\n<figure class=\"wp-block-image\"><img decoding=\"async\" src=\"https:\/\/jundiai.sp.gov.br\/noticias\/wp-content\/uploads\/sites\/32\/2022\/02\/futura-emeb-irma-ursula-26.jpg\" alt=\"Tr\u00eas homens, de uniforme azul, com fita refletiva, usam equipamentos de seguran\u00e7a e est\u00e3o trabalhando em obra de pr\u00e9dio. Um deles segura um equipamento azul nas m\u00e3os para fazer o corte de cimento.\" class=\"wp-image-285320\" \/><figcaption>Pr\u00e9dio que vai abrigar a EMEB Irm\u00e3 \u00darsula passar por reforma<\/figcaption><\/figure>\n\n\n\n<p>As obras para adapta\u00e7\u00e3o dos espa\u00e7os e ambi\u00eancia escolar tiveram in\u00edcio em dezembro. Ser\u00e3o seis salas de aula, que v\u00e3o receber 12 turmas de estudantes do Ensino Fundamental. O espa\u00e7o externo ser\u00e1 reformulado e vai ganhar novos brinquedos e dispositivos com \u00e1gua, como os j\u00e1 instalados em outras Escolas Inovadoras.&nbsp;<\/p>\n\n\n\n<p>\u201cCom a mudan\u00e7a de local, poderemos ampliar a oferta de vagas para as crian\u00e7as da regi\u00e3o. A ambi\u00eancia escolar \u00e9 um dos pilares do programa Escola Inovadora e visa organizar os espa\u00e7os para que possamos oferecer sempre a educa\u00e7\u00e3o de boa qualidade\u201d, lembra a gestora de Educa\u00e7\u00e3o, Vast\u00ed Ferrari Marques.&nbsp;<\/p>\n\n\n\n<p>Outras interven\u00e7\u00f5es que est\u00e3o em andamento: manuten\u00e7\u00e3o na estrutura do telhado e substitui\u00e7\u00e3o das telhas, termo ac\u00fastica; amplia\u00e7\u00e3o e reforma da cozinha, constru\u00e7\u00e3o de novos banheiros, revitaliza\u00e7\u00e3o do&nbsp; refeit\u00f3rio e espa\u00e7o para brincar coberto, da&nbsp; quadra poliesportiva \u2013 que receber\u00e1 novo alambrado e pintura -, das salas de aulas e da administra\u00e7\u00e3o, revis\u00e3o das instala\u00e7\u00f5es el\u00e9tricas e hidr\u00e1ulicas, pintura geral da escola e substitui\u00e7\u00e3o das telhas de cimento por termo ac\u00fasticas.<\/p>\n\n\n\n<figure class=\"wp-block-image\"><img decoding=\"async\" src=\"https:\/\/jundiai.sp.gov.br\/noticias\/wp-content\/uploads\/sites\/32\/2022\/02\/futura-emeb-irma-ursula-1.jpg\" alt=\"Dois homens est\u00e3o na parte interna de uma edifica\u00e7\u00e3o que est\u00e1 em obras. Eles trajam uniforme azul, com fita refletiva e equipamentos de seguran\u00e7a.\" class=\"wp-image-285321\" \/><figcaption>A escola vai receber seis salas de aula destinadas para 12 turmas<\/figcaption><\/figure>\n\n\n\n<p>\u201cUma nova entrada&nbsp; ser\u00e1 constru\u00edda para facilitar o acesso \u00e0 unidade e a seguran\u00e7a das crian\u00e7as. O investimento na obra \u00e9 de R$ 450 mil, com recursos da pr\u00f3pria UGE\u201d, explica o diretor do Departamento de Obras e Manuten\u00e7\u00e3o, Jefferson Spina.&nbsp;<\/p>\n\n\n\n<p>O novo pr\u00e9dio \u00e9 pr\u00f3ximo das EMEBs J\u00e2nio da Silva Quadros e&nbsp; Abigahil Alves Feu Borim, que tamb\u00e9m passam por melhorias e ao lado de uma \u00e1rea p\u00fablica da Prefeitura. \u201cA ideia \u00e9 fazer a interliga\u00e7\u00e3o dos espa\u00e7os e proporcionar um local ainda mais amplo para o desenvolvimento de atividades do desemparedamento da escola\u201d, declara Vast\u00ed.<\/p>\n\n\n\n<p>Atualmente a EMEB Irm\u00e3 \u00darsula Gherello est\u00e1 instalada dentro do Centro de Engenharia e Automa\u00e7\u00e3o \u2013 Instituto Agron\u00f4mico (IAC) e passar\u00e1 para um pr\u00e9dio pr\u00f3prio da Prefeitura de Jundia\u00ed, localizado no Eloy Chaves, facilitando o acesso e trajeto dos estudantes.&nbsp;<\/p>\n\n\n\n<p>Desde o in\u00edcio do programa Escola Inovadora, j\u00e1 foram entregues 35 obras em unidades escolares municipais de Jundia\u00ed. A \u00faltima entrega, realizada em dezembro de 2021, foi a EMEB Professor Joaquim Candel\u00e1rio de Freitas, a maior e mais tecnol\u00f3gica unidade do programa.<\/p>\n\n\n\n<p><strong><em>(Fonte\/Imagem: Prefeitura de Jundia\u00ed)<\/em><\/strong><\/p>\n","protected":false},"excerpt":{"rendered":"<p>Ser\u00e3o seis salas de aula, que v\u00e3o receber 12 turmas de estudantes do Ensino Fundamental. <\/p>\n","protected":false},"author":25,"featured_media":88419,"comment_status":"closed","ping_status":"closed","sticky":false,"template":"","format":"standard","meta":{"footnotes":""},"categories":[2828,1],"tags":[],"class_list":["post-88418","post","type-post","status-publish","format-standard","has-post-thumbnail","hentry","category-educacao","category-noticias"],"_links":{"self":[{"href":"https:\/\/tvtecjundiai.com.br\/news\/wp-json\/wp\/v2\/posts\/88418","targetHints":{"allow":["GET"]}}],"collection":[{"href":"https:\/\/tvtecjundiai.com.br\/news\/wp-json\/wp\/v2\/posts"}],"about":[{"href":"https:\/\/tvtecjundiai.com.br\/news\/wp-json\/wp\/v2\/types\/post"}],"author":[{"embeddable":true,"href":"https:\/\/tvtecjundiai.com.br\/news\/wp-json\/wp\/v2\/users\/25"}],"replies":[{"embeddable":true,"href":"https:\/\/tvtecjundiai.com.br\/news\/wp-json\/wp\/v2\/comments?post=88418"}],"version-history":[{"count":1,"href":"https:\/\/tvtecjundiai.com.br\/news\/wp-json\/wp\/v2\/posts\/88418\/revisions"}],"predecessor-version":[{"id":88420,"href":"https:\/\/tvtecjundiai.com.br\/news\/wp-json\/wp\/v2\/posts\/88418\/revisions\/88420"}],"wp:featuredmedia":[{"embeddable":true,"href":"https:\/\/tvtecjundiai.com.br\/news\/wp-json\/wp\/v2\/media\/88419"}],"wp:attachment":[{"href":"https:\/\/tvtecjundiai.com.br\/news\/wp-json\/wp\/v2\/media?parent=88418"}],"wp:term":[{"taxonomy":"category","embeddable":true,"href":"https:\/\/tvtecjundiai.com.br\/news\/wp-json\/wp\/v2\/categories?post=88418"},{"taxonomy":"post_tag","embeddable":true,"href":"https:\/\/tvtecjundiai.com.br\/news\/wp-json\/wp\/v2\/tags?post=88418"}],"curies":[{"name":"wp","href":"https:\/\/api.w.org\/{rel}","templated":true}]}}