{"id":88437,"date":"2022-02-07T13:24:29","date_gmt":"2022-02-07T16:24:29","guid":{"rendered":"https:\/\/tvtecjundiai.com.br\/news\/?p=88437"},"modified":"2022-02-07T14:11:10","modified_gmt":"2022-02-07T17:11:10","slug":"carne-de-ra-do-bar-do-pedro-no-mercadao-da-vila-arens-faz-sucesso-em-jundiai-2","status":"publish","type":"post","link":"https:\/\/tvtecjundiai.com.br\/news\/2022\/02\/07\/carne-de-ra-do-bar-do-pedro-no-mercadao-da-vila-arens-faz-sucesso-em-jundiai-2\/","title":{"rendered":"Carne de r\u00e3 do Pedro&#8217;s Bar, no Mercad\u00e3o da Vila Arens, faz sucesso em Jundia\u00ed"},"content":{"rendered":"\n<p>No Painel Jundia\u00ed da TVTEC transmitido no \u00faltimo s\u00e1bado (07), o rep\u00f3rter Rafael Santos experimentou a famosa carne de r\u00e3 do Pedro&#8217;s Bar, que fica no Mercad\u00e3o da Vila Arens, em Jundia\u00ed.<\/p>\n\n\n\n<p>Um ponto de encontro bastante querido e conhecido na cidade, o Pedro&#8217;s Bar \u00e9 conhecido por seus past\u00e9is, salgados e petiscos especiais, inclusive a carne de r\u00e3. <\/p>\n\n\n\n<div class=\"wp-block-image\"><figure class=\"aligncenter size-full is-resized\"><img loading=\"lazy\" decoding=\"async\" src=\"https:\/\/tvtecjundiai.com.br\/news\/wp-content\/uploads\/sites\/2\/2022\/02\/WhatsApp-Image-2022-02-07-at-11.44.19.jpeg\" alt=\"\" class=\"wp-image-88454\" width=\"668\" height=\"523\" srcset=\"https:\/\/tvtecjundiai.com.br\/news\/wp-content\/uploads\/sites\/2\/2022\/02\/WhatsApp-Image-2022-02-07-at-11.44.19.jpeg 1080w, https:\/\/tvtecjundiai.com.br\/news\/wp-content\/uploads\/sites\/2\/2022\/02\/WhatsApp-Image-2022-02-07-at-11.44.19-300x235.jpeg 300w, https:\/\/tvtecjundiai.com.br\/news\/wp-content\/uploads\/sites\/2\/2022\/02\/WhatsApp-Image-2022-02-07-at-11.44.19-768x602.jpeg 768w\" sizes=\"auto, (max-width: 668px) 100vw, 668px\" \/><figcaption>Carne de r\u00e3 do Pedro&#8217;s Bar<\/figcaption><\/figure><\/div>\n\n\n\n<p>&#8220;A carne de r\u00e3 \u00e9 um tanto ex\u00f3tica, \u00e9 uma prote\u00edna pobre em gordura e \u00f3tima pra quem faz exerc\u00edcios. D\u00e1 para fazer carne de r\u00e3 ensopada, mas o mais tradicional \u00e9 ela frita, como a gente provou aqui. Muito bom, muito bom mesmo! Parece frango&#8221;, disse Rafael.<\/p>\n\n\n\n<p>O Pedro&#8217;s Bar, tamb\u00e9m chamado de Bar do Pedro, fica no Mercad\u00e3o da Vila Arens, na rua Professor Jo\u00e3o Luiz de Campos, 210. <\/p>\n\n\n\n<div class=\"wp-block-image\"><figure class=\"aligncenter size-full is-resized\"><img loading=\"lazy\" decoding=\"async\" src=\"https:\/\/tvtecjundiai.com.br\/news\/wp-content\/uploads\/sites\/2\/2022\/02\/raaa.png\" alt=\"\" class=\"wp-image-88451\" width=\"491\" height=\"612\" srcset=\"https:\/\/tvtecjundiai.com.br\/news\/wp-content\/uploads\/sites\/2\/2022\/02\/raaa.png 524w, https:\/\/tvtecjundiai.com.br\/news\/wp-content\/uploads\/sites\/2\/2022\/02\/raaa-300x374.png 300w\" sizes=\"auto, (max-width: 491px) 100vw, 491px\" \/><figcaption>Rep\u00f3rter Rafael Santos experimentando a famosa carne de r\u00e3<\/figcaption><\/figure><\/div>\n\n\n\n<p><em><strong>(Fonte\/Imagens: TVTEC Jundia\u00ed)<\/strong><\/em><\/p>\n","protected":false},"excerpt":{"rendered":"<p>TVTEC Jundia\u00ed visita ponto de encontro com card\u00e1pio diferenciado na cidade<\/p>\n","protected":false},"author":30,"featured_media":88454,"comment_status":"closed","ping_status":"closed","sticky":false,"template":"","format":"standard","meta":{"footnotes":""},"categories":[6309,8356,8354,1],"tags":[],"class_list":["post-88437","post","type-post","status-publish","format-standard","has-post-thumbnail","hentry","category-gastronomia","category-jundiai","category-lazer","category-noticias"],"_links":{"self":[{"href":"https:\/\/tvtecjundiai.com.br\/news\/wp-json\/wp\/v2\/posts\/88437","targetHints":{"allow":["GET"]}}],"collection":[{"href":"https:\/\/tvtecjundiai.com.br\/news\/wp-json\/wp\/v2\/posts"}],"about":[{"href":"https:\/\/tvtecjundiai.com.br\/news\/wp-json\/wp\/v2\/types\/post"}],"author":[{"embeddable":true,"href":"https:\/\/tvtecjundiai.com.br\/news\/wp-json\/wp\/v2\/users\/30"}],"replies":[{"embeddable":true,"href":"https:\/\/tvtecjundiai.com.br\/news\/wp-json\/wp\/v2\/comments?post=88437"}],"version-history":[{"count":8,"href":"https:\/\/tvtecjundiai.com.br\/news\/wp-json\/wp\/v2\/posts\/88437\/revisions"}],"predecessor-version":[{"id":88463,"href":"https:\/\/tvtecjundiai.com.br\/news\/wp-json\/wp\/v2\/posts\/88437\/revisions\/88463"}],"wp:featuredmedia":[{"embeddable":true,"href":"https:\/\/tvtecjundiai.com.br\/news\/wp-json\/wp\/v2\/media\/88454"}],"wp:attachment":[{"href":"https:\/\/tvtecjundiai.com.br\/news\/wp-json\/wp\/v2\/media?parent=88437"}],"wp:term":[{"taxonomy":"category","embeddable":true,"href":"https:\/\/tvtecjundiai.com.br\/news\/wp-json\/wp\/v2\/categories?post=88437"},{"taxonomy":"post_tag","embeddable":true,"href":"https:\/\/tvtecjundiai.com.br\/news\/wp-json\/wp\/v2\/tags?post=88437"}],"curies":[{"name":"wp","href":"https:\/\/api.w.org\/{rel}","templated":true}]}}