{"id":88495,"date":"2022-02-08T14:01:34","date_gmt":"2022-02-08T17:01:34","guid":{"rendered":"https:\/\/tvtecjundiai.com.br\/news\/?p=88495"},"modified":"2022-02-08T14:01:48","modified_gmt":"2022-02-08T17:01:48","slug":"aulas-da-rede-municipal-de-ensino-sao-retomadas-com-protocolos-de-seguranca-sanitaria-em-jundiai","status":"publish","type":"post","link":"https:\/\/tvtecjundiai.com.br\/news\/2022\/02\/08\/aulas-da-rede-municipal-de-ensino-sao-retomadas-com-protocolos-de-seguranca-sanitaria-em-jundiai\/","title":{"rendered":"Aulas da rede municipal de ensino s\u00e3o retomadas com protocolos de seguran\u00e7a sanit\u00e1ria em Jundia\u00ed"},"content":{"rendered":"\n<p>Nesta quarta-feira (9), os 40 mil alunos matriculados na rede municipal de ensino de Jundia\u00ed retomam as aulas nas 110 unidades escolares. Para garantir a seguran\u00e7a dos estudantes e educadores, a Unidade de Gest\u00e3o de Educa\u00e7\u00e3o (UGE) segue os protocolos sanit\u00e1rios e orienta\u00e7\u00f5es do Comit\u00ea de Preven\u00e7\u00e3o e Enfrentamento \u00e0 Covid-19.<\/p>\n\n\n\n<p>A rede municipal atende desde as crian\u00e7as de 4 meses at\u00e9 os jovens e adultos do EJA. As escolas seguem todos os protocolos como higieniza\u00e7\u00e3o e desinfec\u00e7\u00e3o dos espa\u00e7os, aferi\u00e7\u00e3o de temperatura na entrada, disponibiliza\u00e7\u00e3o de \u00e1lcool em gel, sabonete l\u00edquido, papel toalha e obrigatoriedade do uso de m\u00e1scaras de prote\u00e7\u00e3o individual. &nbsp;<\/p>\n\n\n\n<figure class=\"wp-block-image\"><img decoding=\"async\" src=\"https:\/\/jundiai.sp.gov.br\/noticias\/wp-content\/uploads\/sites\/32\/2022\/02\/nebulizador_educacao-286.jpg\" alt=\"Imagem mostra um pessoa do pesco\u00e7o at\u00e9 a altura do joelho, que segura um equipamento azul e cinza com uma correia de seguran\u00e7a preta em cecido. \" class=\"wp-image-285532\" \/><figcaption>Espa\u00e7os escolares s\u00e3o higienizados e protocolos sanit\u00e1rios seguidos<\/figcaption><\/figure>\n\n\n\n<p>\u201cAs diretrizes constam em documentos espec\u00edficos para orienta\u00e7\u00e3o das equipes como o Manual de Boas Pr\u00e1ticas e os Protocolos Sanit\u00e1rios, para os ambientes escolares. Al\u00e9m disso, o programa Escola Inovadora preconiza as atividades do desemparedamento da escola, ou seja, promovidas ao ar livre, em contato com a natureza e com intencionalidade pedag\u00f3gica. Boa parte das iniciativas acontecem em espa\u00e7os abertos e arejados\u201d, lembra a gestora de Educa\u00e7\u00e3o, Vast\u00ed Ferrari Marques.&nbsp;<\/p>\n\n\n\n<p>Com o programa Escola Inovadora, a UGE seguir\u00e1 usando o modelo presencial e ensino h\u00edbrido, para atribuir maior efici\u00eancia ao processo de aprendizagem. \u201cA educa\u00e7\u00e3o h\u00edbrida une recursos tecnol\u00f3gicos e atividades presenciais, as possibilidades de ensino e aprendizagem s\u00e3o novas formas de pensar na escola e no desemparedamento\u201d, argumenta Vast\u00ed.<\/p>\n\n\n\n<figure class=\"wp-block-image is-resized\"><img loading=\"lazy\" decoding=\"async\" src=\"https:\/\/jundiai.sp.gov.br\/noticias\/wp-content\/uploads\/sites\/32\/2022\/02\/emeb_anna_ludke_retorno_as_aulas-45.jpg\" alt=\"Mulher de cabelos compridos e escuros, veste blusa branca com estampa de flores, saia preta, m\u00e1scara e face shield, ela aplica \u00e1lcool em gel na m\u00e3o de uma crian\u00e7a, uma menina, cabelos longos e castanhos, que traja uniforme escolar com camiseta branca e detalhes em azul, shorts azul.\nElas est\u00e3o em um ambiente escolar com corredor e pode-se avistar uma pia ao fundo com v\u00e1rios torneiras.\" class=\"wp-image-285533\" width=\"840\" height=\"559\" \/><figcaption>Uso de m\u00e1scara, higieniza\u00e7\u00e3o das m\u00e3os s\u00e3o algumas das orienta\u00e7\u00f5es<\/figcaption><\/figure>\n\n\n\n<p><strong><em>(Fonte\/Imagem: Prefeitura de Jundia\u00ed)<\/em><\/strong><\/p>\n","protected":false},"excerpt":{"rendered":"<p>Uso de m\u00e1scara e higieniza\u00e7\u00e3o das m\u00e3os s\u00e3o algumas das orienta\u00e7\u00f5es.<\/p>\n","protected":false},"author":25,"featured_media":88496,"comment_status":"closed","ping_status":"closed","sticky":false,"template":"","format":"standard","meta":{"footnotes":""},"categories":[2828,1],"tags":[],"class_list":["post-88495","post","type-post","status-publish","format-standard","has-post-thumbnail","hentry","category-educacao","category-noticias"],"_links":{"self":[{"href":"https:\/\/tvtecjundiai.com.br\/news\/wp-json\/wp\/v2\/posts\/88495","targetHints":{"allow":["GET"]}}],"collection":[{"href":"https:\/\/tvtecjundiai.com.br\/news\/wp-json\/wp\/v2\/posts"}],"about":[{"href":"https:\/\/tvtecjundiai.com.br\/news\/wp-json\/wp\/v2\/types\/post"}],"author":[{"embeddable":true,"href":"https:\/\/tvtecjundiai.com.br\/news\/wp-json\/wp\/v2\/users\/25"}],"replies":[{"embeddable":true,"href":"https:\/\/tvtecjundiai.com.br\/news\/wp-json\/wp\/v2\/comments?post=88495"}],"version-history":[{"count":1,"href":"https:\/\/tvtecjundiai.com.br\/news\/wp-json\/wp\/v2\/posts\/88495\/revisions"}],"predecessor-version":[{"id":88497,"href":"https:\/\/tvtecjundiai.com.br\/news\/wp-json\/wp\/v2\/posts\/88495\/revisions\/88497"}],"wp:featuredmedia":[{"embeddable":true,"href":"https:\/\/tvtecjundiai.com.br\/news\/wp-json\/wp\/v2\/media\/88496"}],"wp:attachment":[{"href":"https:\/\/tvtecjundiai.com.br\/news\/wp-json\/wp\/v2\/media?parent=88495"}],"wp:term":[{"taxonomy":"category","embeddable":true,"href":"https:\/\/tvtecjundiai.com.br\/news\/wp-json\/wp\/v2\/categories?post=88495"},{"taxonomy":"post_tag","embeddable":true,"href":"https:\/\/tvtecjundiai.com.br\/news\/wp-json\/wp\/v2\/tags?post=88495"}],"curies":[{"name":"wp","href":"https:\/\/api.w.org\/{rel}","templated":true}]}}