{"id":88507,"date":"2022-02-08T15:53:24","date_gmt":"2022-02-08T18:53:24","guid":{"rendered":"https:\/\/tvtecjundiai.com.br\/news\/?p=88507"},"modified":"2022-02-08T15:53:42","modified_gmt":"2022-02-08T18:53:42","slug":"irmaos-jundiaienses-representam-o-brasil-nos-jogos-de-inverno-de-pequim","status":"publish","type":"post","link":"https:\/\/tvtecjundiai.com.br\/news\/2022\/02\/08\/irmaos-jundiaienses-representam-o-brasil-nos-jogos-de-inverno-de-pequim\/","title":{"rendered":"Irm\u00e3os jundiaienses representam o Brasil nos Jogos de Inverno de Pequim"},"content":{"rendered":"\n<p>Os irm\u00e3os jundiaienses Cristian Westemaier Ribera e Eduarda Westemaier Ribera est\u00e3o juntos neste momento em Pequim, na China, para disputarem os Jogos de Inverno e representarem o Brasil na modalidade de esqui cross country. <\/p>\n\n\n\n<div class=\"wp-block-image\"><figure class=\"aligncenter size-full is-resized\"><img loading=\"lazy\" decoding=\"async\" src=\"https:\/\/tvtecjundiai.com.br\/news\/wp-content\/uploads\/sites\/2\/2022\/02\/53101d69c2534b7abec7da6a6fd336a4.jpg\" alt=\"\" class=\"wp-image-88508\" width=\"745\" height=\"420\" srcset=\"https:\/\/tvtecjundiai.com.br\/news\/wp-content\/uploads\/sites\/2\/2022\/02\/53101d69c2534b7abec7da6a6fd336a4.jpg 1011w, https:\/\/tvtecjundiai.com.br\/news\/wp-content\/uploads\/sites\/2\/2022\/02\/53101d69c2534b7abec7da6a6fd336a4-300x169.jpg 300w, https:\/\/tvtecjundiai.com.br\/news\/wp-content\/uploads\/sites\/2\/2022\/02\/53101d69c2534b7abec7da6a6fd336a4-768x434.jpg 768w\" sizes=\"auto, (max-width: 745px) 100vw, 745px\" \/><figcaption>Foto: Marcio Rodrigues \/ MPIX \/ CPB<\/figcaption><\/figure><\/div>\n\n\n\n<p>Esta \u00e9 a segunda Paralimp\u00edada de Inverno de Cristian, de 19 anos. O jovem faz parte do Programa de Esportes e Atividades Motoras Adaptadas (Peama) de Jundia\u00ed desde 2015 e terminou em sexto lugar nos Jogos Paral\u00edmpicos de Inverno de 2018, na Coreia do Sul.<\/p>\n\n\n\n<div class=\"wp-block-image\"><figure class=\"aligncenter size-full is-resized\"><img loading=\"lazy\" decoding=\"async\" src=\"https:\/\/tvtecjundiai.com.br\/news\/wp-content\/uploads\/sites\/2\/2022\/02\/image-1-.jpg\" alt=\"\" class=\"wp-image-88509\" width=\"747\" height=\"560\" srcset=\"https:\/\/tvtecjundiai.com.br\/news\/wp-content\/uploads\/sites\/2\/2022\/02\/image-1-.jpg 984w, https:\/\/tvtecjundiai.com.br\/news\/wp-content\/uploads\/sites\/2\/2022\/02\/image-1--300x225.jpg 300w, https:\/\/tvtecjundiai.com.br\/news\/wp-content\/uploads\/sites\/2\/2022\/02\/image-1--768x576.jpg 768w\" sizes=\"auto, (max-width: 747px) 100vw, 747px\" \/><figcaption>Foto: Confedera\u00e7\u00e3o Brasileira de Desportos na Neve (CBDN)<\/figcaption><\/figure><\/div>\n\n\n\n<p>Eduarda, de 17 anos, tamb\u00e9m est\u00e1 em Pequim para competir na modalidade de esqui cross country, mas nos Jogos Ol\u00edmpicos de Inverno. A jovem foi convocada de \u00faltima hora ap\u00f3s o acidente com a atleta Bruna Moura, que precisou ser substitu\u00edda. Eduarda \u00e9 a primeira atleta de Jundia\u00ed a ser convocada para as Olimp\u00edadas de Inverno.<\/p>\n\n\n\n<p>Os Jogos Ol\u00edmpicos de Inverno come\u00e7aram na \u00faltima sexta-feira (4) e Eduarda estreia nesta ter\u00e7a-feira (8).<\/p>\n\n\n\n<p><em><strong>(Fonte: TVTEC Jundia\u00ed\/Imagens: Comit\u00ea Paral\u00edmpico Brasileiro e Confedera\u00e7\u00e3o Brasileira de Desportos na Neve)<\/strong><\/em><\/p>\n","protected":false},"excerpt":{"rendered":"<p>Cristian Ribera e Eduarda Ribera v\u00e3o competir no esqui cross country<\/p>\n","protected":false},"author":30,"featured_media":88517,"comment_status":"closed","ping_status":"closed","sticky":false,"template":"","format":"standard","meta":{"footnotes":""},"categories":[2827,8356,1],"tags":[],"class_list":["post-88507","post","type-post","status-publish","format-standard","has-post-thumbnail","hentry","category-esportes-e-lazer","category-jundiai","category-noticias"],"_links":{"self":[{"href":"https:\/\/tvtecjundiai.com.br\/news\/wp-json\/wp\/v2\/posts\/88507","targetHints":{"allow":["GET"]}}],"collection":[{"href":"https:\/\/tvtecjundiai.com.br\/news\/wp-json\/wp\/v2\/posts"}],"about":[{"href":"https:\/\/tvtecjundiai.com.br\/news\/wp-json\/wp\/v2\/types\/post"}],"author":[{"embeddable":true,"href":"https:\/\/tvtecjundiai.com.br\/news\/wp-json\/wp\/v2\/users\/30"}],"replies":[{"embeddable":true,"href":"https:\/\/tvtecjundiai.com.br\/news\/wp-json\/wp\/v2\/comments?post=88507"}],"version-history":[{"count":4,"href":"https:\/\/tvtecjundiai.com.br\/news\/wp-json\/wp\/v2\/posts\/88507\/revisions"}],"predecessor-version":[{"id":88514,"href":"https:\/\/tvtecjundiai.com.br\/news\/wp-json\/wp\/v2\/posts\/88507\/revisions\/88514"}],"wp:featuredmedia":[{"embeddable":true,"href":"https:\/\/tvtecjundiai.com.br\/news\/wp-json\/wp\/v2\/media\/88517"}],"wp:attachment":[{"href":"https:\/\/tvtecjundiai.com.br\/news\/wp-json\/wp\/v2\/media?parent=88507"}],"wp:term":[{"taxonomy":"category","embeddable":true,"href":"https:\/\/tvtecjundiai.com.br\/news\/wp-json\/wp\/v2\/categories?post=88507"},{"taxonomy":"post_tag","embeddable":true,"href":"https:\/\/tvtecjundiai.com.br\/news\/wp-json\/wp\/v2\/tags?post=88507"}],"curies":[{"name":"wp","href":"https:\/\/api.w.org\/{rel}","templated":true}]}}