{"id":88534,"date":"2022-02-09T10:20:46","date_gmt":"2022-02-09T13:20:46","guid":{"rendered":"https:\/\/tvtecjundiai.com.br\/news\/?p=88534"},"modified":"2022-02-09T10:25:55","modified_gmt":"2022-02-09T13:25:55","slug":"enem-2021-resultado-sai-nesta-sexta-veja-tudo-o-que-voce-pode-fazer-com-a-nota-1","status":"publish","type":"post","link":"https:\/\/tvtecjundiai.com.br\/news\/2022\/02\/09\/enem-2021-resultado-sai-nesta-sexta-veja-tudo-o-que-voce-pode-fazer-com-a-nota-1\/","title":{"rendered":"Resultado do Enem 2021 ser\u00e1 divulgado nesta sexta-feira (11)"},"content":{"rendered":"\n<p>Os candidatos que fizeram as provas do Exame Nacional do Ensino M\u00e9dio (Enem) 2021 poder\u00e3o conferir as notas individuais nesta sexta-feira (11). O resultado estar\u00e1 dispon\u00edvel para os inscritos na vers\u00e3o regular e para os que fizeram a reaplica\u00e7\u00e3o.<\/p>\n\n\n\n<p>As notas do Enem 2021 podem garantir vaga em institui\u00e7\u00e3o de ensino superior p\u00fablica ou privada brasileiras e at\u00e9 em faculdades fora do pa\u00eds.<\/p>\n\n\n\n<p>Cada oportunidade possui regras pr\u00f3prias e pode variar a cada institui\u00e7\u00e3o. Por isso, \u00e9 importante conhecer todas as condi\u00e7\u00f5es. Confira como a nota do Enem pode ser utilizada em cada situa\u00e7\u00e3o.<\/p>\n\n\n\n<div class=\"wp-block-image\"><figure class=\"aligncenter size-full is-resized\"><img loading=\"lazy\" decoding=\"async\" src=\"https:\/\/tvtecjundiai.com.br\/news\/wp-content\/uploads\/sites\/2\/2022\/02\/WhatsApp-Image-2021-11-21-at-19.49.11-1.jpeg\" alt=\"\" class=\"wp-image-88539\" width=\"739\" height=\"492\" srcset=\"https:\/\/tvtecjundiai.com.br\/news\/wp-content\/uploads\/sites\/2\/2022\/02\/WhatsApp-Image-2021-11-21-at-19.49.11-1.jpeg 680w, https:\/\/tvtecjundiai.com.br\/news\/wp-content\/uploads\/sites\/2\/2022\/02\/WhatsApp-Image-2021-11-21-at-19.49.11-1-300x200.jpeg 300w\" sizes=\"auto, (max-width: 739px) 100vw, 739px\" \/><\/figure><\/div>\n\n\n\n<p><strong>Sisu<\/strong><\/p>\n\n\n\n<p>O Sistema de Sele\u00e7\u00e3o Unificada (Sisu) \u00e9 o meio pelo qual o Minist\u00e9rio da Educa\u00e7\u00e3o (MEC) seleciona estudantes para vagas em cursos de ensino superior de institui\u00e7\u00f5es p\u00fablicas. Para concorrer a uma vaga, o candidato precisa estar dentro da nota de corte do curso em quest\u00e3o, ou seja, precisa ter obtido uma <strong>nota igual ou maior \u00e0 nota m\u00ednima definida para aquele curso.<\/strong><\/p>\n\n\n\n<p>Pode se inscrever no processo seletivo do primeiro semestre quem prestou o Enem 2021 e tenha tirado <strong>nota superior a zero na reda\u00e7\u00e3o<\/strong>. O candidato n\u00e3o pode ter participado da edi\u00e7\u00e3o como &#8220;treineiro&#8221;, como \u00e9 o caso de alunos que n\u00e3o conclu\u00edram o ensino m\u00e9dio e fazem o Enem para testar o seu desempenho.<\/p>\n\n\n\n<p>As inscri\u00e7\u00f5es para o Sisu come\u00e7am em 15 de fevereiro e devem ser feitas no site do programa.<\/p>\n\n\n\n<p><strong>Prouni<\/strong><\/p>\n\n\n\n<p>O Programa Universidade para Todos (Prouni) \u00e9 uma iniciativa do Minist\u00e9rio da Educa\u00e7\u00e3o que&nbsp;oferece bolsas integrais e parciais em faculdades particulares.<\/p>\n\n\n\n<p><strong>Quem tem direito:<\/strong><\/p>\n\n\n\n<ul class=\"wp-block-list\"><li>apenas alunos que cursaram os <strong>tr\u00eas anos do ensino m\u00e9dio em escolas da rede p\u00fablica<\/strong><\/li><li>ou estudaram os <strong>tr\u00eas anos do ensino m\u00e9dio com bolsa integral em col\u00e9gios privados<\/strong> (isto \u00e9, desde que sem pagar as mensalidades).<\/li><\/ul>\n\n\n\n<p><strong>Crit\u00e9rio de renda:<\/strong><\/p>\n\n\n\n<ul class=\"wp-block-list\"><li>Ter renda familiar per capita de at\u00e9 3 sal\u00e1rios m\u00ednimos (R$ 3.636).<\/li><\/ul>\n\n\n\n<p><strong>Tipos de bolsa:<\/strong><\/p>\n\n\n\n<ul class=\"wp-block-list\"><li>bolsa integral: renda familiar mensal per capita de at\u00e9 1,5 sal\u00e1rio m\u00ednimo (R$ 1.818);<\/li><li>bolsa parcial (50% da mensalidade): renda familiar mensal per capita de 1,5 a 3 sal\u00e1rios m\u00ednimos (de R$ 1.818 a R$ 3.636).<\/li><\/ul>\n\n\n\n<p>Para o primeiro semestre de 2022, as inscri\u00e7\u00f5es v\u00e3o de 22 a 25 de fevereiro pelo site do programa.<\/p>\n\n\n\n<p><strong>Fies<\/strong><\/p>\n\n\n\n<p>O Fundo de Financiamento Estudantil (Fies) \u00e9 um programa do governo federal que paga parte das mensalidades de estudantes em universidades e faculdades privadas, com a contrapartida de os benefici\u00e1rios quitarem o financiamento ap\u00f3s a formatura.<\/p>\n\n\n\n<p>O <strong>cr\u00e9dito pode cobrir de 50% a 100% da mensalidade do curso<\/strong>, podendo ser a juros zero a uma escala de financiamento que varia conforme a renda familiar do candidato.<\/p>\n\n\n\n<p>No primeiro semestre de 2022, o programa disponibilizar\u00e1 111 mil vagas e per\u00edodo de inscri\u00e7\u00e3o ser\u00e1 de 8 a 11 de mar\u00e7o, pelo Portal do Fies.<\/p>\n\n\n\n<p>Podem se inscrever no processo seletivo quem participou de qualquer edi\u00e7\u00e3o do Exame Nacional do Ensino M\u00e9dio (Enem) desde 2010, que tenha obtido m\u00e9dia m\u00ednima de 450 nas cinco \u00e1reas do conhecimento e nota superior a zero na reda\u00e7\u00e3o. O candidato deve possuir renda familiar mensal per capita de at\u00e9 3 sal\u00e1rios m\u00ednimos (R$ 3.636).<\/p>\n\n\n\n<p><strong>Institui\u00e7\u00f5es privadas<\/strong><\/p>\n\n\n\n<p>Muitas institui\u00e7\u00f5es de ensino superior tamb\u00e9m oferecem desconto nas mensalidades utilizando a nota do Enem. Geralmente, o candidato n\u00e3o precisa prestar um vestibular pr\u00f3prio da universidade. O ideal \u00e9 procurar a institui\u00e7\u00e3o para saber se elas oferecem bolsas e descontos conforme a nota no exame e quais s\u00e3o os requisitos.<\/p>\n\n\n\n<p><strong>Universidades internacionais<\/strong><\/p>\n\n\n\n<p>A nota do Enem tamb\u00e9m pode permitir que o candidato estude em uma faculdade fora do Brasil. Isso acontece porque o Minist\u00e9rio da Educa\u00e7\u00e3o possui acordo com algumas institui\u00e7\u00f5es em pa\u00edses como Portugal, Inglaterra, Fran\u00e7a, Irlanda e Canad\u00e1. Em alguns casos, a institui\u00e7\u00e3o pode exigir que o interessado passe pelo processo seletivo local.<\/p>\n\n\n\n<p>Institui\u00e7\u00f5es internacionais geralmente possuem calend\u00e1rios diferentes dos utilizados no Brasil. Ent\u00e3o, \u00e9 preciso ficar atento e pesquisar diretamente no site das universidades. \u00c9 importante tamb\u00e9m que o candidato conhe\u00e7a as condi\u00e7\u00f5es oferecidas em cada institui\u00e7\u00e3o.<\/p>\n\n\n\n<p><em><strong>(Fonte: g1\/Imagem: Luccas Diaz\/Divulga\u00e7\u00e3o)<\/strong><\/em><\/p>\n","protected":false},"excerpt":{"rendered":"<p>Nota \u00e9 usada na sele\u00e7\u00e3o de estudantes por universidades p\u00fablicas e privadas no Brasil e exterior<\/p>\n","protected":false},"author":30,"featured_media":88539,"comment_status":"closed","ping_status":"closed","sticky":false,"template":"","format":"standard","meta":{"footnotes":""},"categories":[2828,1],"tags":[],"class_list":["post-88534","post","type-post","status-publish","format-standard","has-post-thumbnail","hentry","category-educacao","category-noticias"],"_links":{"self":[{"href":"https:\/\/tvtecjundiai.com.br\/news\/wp-json\/wp\/v2\/posts\/88534","targetHints":{"allow":["GET"]}}],"collection":[{"href":"https:\/\/tvtecjundiai.com.br\/news\/wp-json\/wp\/v2\/posts"}],"about":[{"href":"https:\/\/tvtecjundiai.com.br\/news\/wp-json\/wp\/v2\/types\/post"}],"author":[{"embeddable":true,"href":"https:\/\/tvtecjundiai.com.br\/news\/wp-json\/wp\/v2\/users\/30"}],"replies":[{"embeddable":true,"href":"https:\/\/tvtecjundiai.com.br\/news\/wp-json\/wp\/v2\/comments?post=88534"}],"version-history":[{"count":3,"href":"https:\/\/tvtecjundiai.com.br\/news\/wp-json\/wp\/v2\/posts\/88534\/revisions"}],"predecessor-version":[{"id":88543,"href":"https:\/\/tvtecjundiai.com.br\/news\/wp-json\/wp\/v2\/posts\/88534\/revisions\/88543"}],"wp:featuredmedia":[{"embeddable":true,"href":"https:\/\/tvtecjundiai.com.br\/news\/wp-json\/wp\/v2\/media\/88539"}],"wp:attachment":[{"href":"https:\/\/tvtecjundiai.com.br\/news\/wp-json\/wp\/v2\/media?parent=88534"}],"wp:term":[{"taxonomy":"category","embeddable":true,"href":"https:\/\/tvtecjundiai.com.br\/news\/wp-json\/wp\/v2\/categories?post=88534"},{"taxonomy":"post_tag","embeddable":true,"href":"https:\/\/tvtecjundiai.com.br\/news\/wp-json\/wp\/v2\/tags?post=88534"}],"curies":[{"name":"wp","href":"https:\/\/api.w.org\/{rel}","templated":true}]}}