{"id":88536,"date":"2022-02-09T10:13:10","date_gmt":"2022-02-09T13:13:10","guid":{"rendered":"https:\/\/tvtecjundiai.com.br\/news\/?p=88536"},"modified":"2022-02-09T10:13:27","modified_gmt":"2022-02-09T13:13:27","slug":"no-brasil-inflacao-atinge-a-maior-taxa-para-janeiro-em-seis-anos-e-chega-a-1038-em-12-meses","status":"publish","type":"post","link":"https:\/\/tvtecjundiai.com.br\/news\/2022\/02\/09\/no-brasil-inflacao-atinge-a-maior-taxa-para-janeiro-em-seis-anos-e-chega-a-1038-em-12-meses\/","title":{"rendered":"No Brasil, infla\u00e7\u00e3o atinge a maior taxa para janeiro em seis anos e chega a 10,38% em 12 meses"},"content":{"rendered":"\n<p>Puxada majoritariamente por alimentos, a infla\u00e7\u00e3o oficial no Pa\u00eds subiu 0,54% em janeiro, segundo o \u00cdndice Nacional de Pre\u00e7os ao Consumidor Amplo (IPCA), divulgado nesta quarta-feira, 9, pelo Instituto Brasileiro de Geografia e Estat\u00edstica (IBGE). Foi a maior varia\u00e7\u00e3o para o m\u00eas desde 2016. Da alta de 0,54%, 0,23 ponto porcentual (p.p.) foi acrescentado pelo avan\u00e7o de 1,11% no grupo Alimenta\u00e7\u00e3o e Bebidas.<\/p>\n\n\n\n<p>A infla\u00e7\u00e3o acumulada em 12 meses foi de 10,06% no per\u00edodo encerrado em dezembro para 10,38% no m\u00eas passado.<\/p>\n\n\n\n<figure class=\"wp-block-image size-full\"><img loading=\"lazy\" decoding=\"async\" width=\"932\" height=\"621\" src=\"https:\/\/tvtecjundiai.com.br\/news\/wp-content\/uploads\/sites\/2\/2022\/02\/1599652027344.jpg\" alt=\"\" class=\"wp-image-88537\" srcset=\"https:\/\/tvtecjundiai.com.br\/news\/wp-content\/uploads\/sites\/2\/2022\/02\/1599652027344.jpg 932w, https:\/\/tvtecjundiai.com.br\/news\/wp-content\/uploads\/sites\/2\/2022\/02\/1599652027344-300x200.jpg 300w, https:\/\/tvtecjundiai.com.br\/news\/wp-content\/uploads\/sites\/2\/2022\/02\/1599652027344-768x512.jpg 768w\" sizes=\"auto, (max-width: 932px) 100vw, 932px\" \/><figcaption>Foto: Daniel Teixeira\/Estad\u00e3o<\/figcaption><\/figure>\n\n\n\n<p><strong>Frutas, carne e caf\u00e9 mo\u00eddo<br><\/strong>Segundo Andr\u00e9 Guedes, analista do IBGE, a alta na infla\u00e7\u00e3o de alimentos foi puxada pela alimenta\u00e7\u00e3o em domic\u00edlio, especialmente porque a alta desses pre\u00e7os acelerou em janeiro ante dezembro. A alimenta\u00e7\u00e3o em domic\u00edlio passou de alta de 0,79% em dezembro para 1,44% em janeiro. Os destaques foram os pre\u00e7os das frutas e das carnes, informou Guedes.<\/p>\n\n\n\n<p>\u201cFatores clim\u00e1ticos influenciam na quantidade ofertada e na qualidade, influenciando nos pre\u00e7os\u201d, disse Guedes, citando o excesso de chuvas no Sudeste e no Nordeste e a seca no Sul.<\/p>\n\n\n\n<p>Conforme o IBGE, as frutas ficaram 3,40% mais caras e as carnes subiram 1,32%, puxando a infla\u00e7\u00e3o de alimentos, \u201cembora tenham registrado altas menos intensas em rela\u00e7\u00e3o ao m\u00eas anterior (8,60% e 1,38%, respectivamente)\u201d. Sozinho, o item \u201ccarnes\u201d acrescentou 0,04 ponto porcentual (p.p.) na varia\u00e7\u00e3o agregada do IPCA de janeiro.<\/p>\n\n\n\n<p>J\u00e1 os pre\u00e7os do caf\u00e9 mo\u00eddo (4,75%) subiram pelo 11\u00ba m\u00eas consecutivo, acumulando alta de 56,87% nos \u00faltimos 12 meses. Segundo o IBGE, outros destaques foram a cenoura (27,64%), a cebola (12,43%), a batata-inglesa (9,65%) e o tomate (6,21%). Na contram\u00e3o, houve recuos nos pre\u00e7os do arroz (-2,66%), do frango inteiro (-0,85%) e do frango em peda\u00e7os (-0,71%).<\/p>\n\n\n\n<p>A press\u00e3o da infla\u00e7\u00e3o de alimentos s\u00f3 n\u00e3o foi maior porque a alimenta\u00e7\u00e3o fora do domic\u00edlio desacelerou de uma alta de 0,98% em dezembro de 2021 para um avan\u00e7o de 0,25% em janeiro. A refei\u00e7\u00e3o passou de 1,08% em dezembro para 0,44% em janeiro, enquanto o lanche passou de 1,08% em dezembro para -0,41% em janeiro.<\/p>\n\n\n\n<p><strong>Artigos de resid\u00eancia e outros grupos<br><\/strong>O setor de artigos de resid\u00eancia foi o que mais subiu em rela\u00e7\u00e3o ao m\u00eas anterior, 1,82% influenciado pela acelera\u00e7\u00e3o de eletrodom\u00e9sticos e equipamentos (2,86%), mobili\u00e1rio (2,41%) e TV, som e inform\u00e1tica (1,38%). Outros grupos que puxaram a alta foram os de vestu\u00e1rio (1,07%) e comunica\u00e7\u00e3o (1,05%). Por outro lado, o \u00fanico grupo que recuou foi o de transportes, que caiu 0,11%.<\/p>\n\n\n\n<p><strong><em>(Fonte\/Imagem: Estad\u00e3o)<\/em><\/strong><\/p>\n","protected":false},"excerpt":{"rendered":"<p>O grupo de alimenta\u00e7\u00e3o e bebidas, com alta de 1,11%, foi o que teve o maior impacto no \u00edndice do m\u00eas com 0,23.<\/p>\n","protected":false},"author":25,"featured_media":88537,"comment_status":"closed","ping_status":"closed","sticky":false,"template":"","format":"standard","meta":{"footnotes":""},"categories":[2829,1],"tags":[],"class_list":["post-88536","post","type-post","status-publish","format-standard","has-post-thumbnail","hentry","category-economia","category-noticias"],"_links":{"self":[{"href":"https:\/\/tvtecjundiai.com.br\/news\/wp-json\/wp\/v2\/posts\/88536","targetHints":{"allow":["GET"]}}],"collection":[{"href":"https:\/\/tvtecjundiai.com.br\/news\/wp-json\/wp\/v2\/posts"}],"about":[{"href":"https:\/\/tvtecjundiai.com.br\/news\/wp-json\/wp\/v2\/types\/post"}],"author":[{"embeddable":true,"href":"https:\/\/tvtecjundiai.com.br\/news\/wp-json\/wp\/v2\/users\/25"}],"replies":[{"embeddable":true,"href":"https:\/\/tvtecjundiai.com.br\/news\/wp-json\/wp\/v2\/comments?post=88536"}],"version-history":[{"count":1,"href":"https:\/\/tvtecjundiai.com.br\/news\/wp-json\/wp\/v2\/posts\/88536\/revisions"}],"predecessor-version":[{"id":88538,"href":"https:\/\/tvtecjundiai.com.br\/news\/wp-json\/wp\/v2\/posts\/88536\/revisions\/88538"}],"wp:featuredmedia":[{"embeddable":true,"href":"https:\/\/tvtecjundiai.com.br\/news\/wp-json\/wp\/v2\/media\/88537"}],"wp:attachment":[{"href":"https:\/\/tvtecjundiai.com.br\/news\/wp-json\/wp\/v2\/media?parent=88536"}],"wp:term":[{"taxonomy":"category","embeddable":true,"href":"https:\/\/tvtecjundiai.com.br\/news\/wp-json\/wp\/v2\/categories?post=88536"},{"taxonomy":"post_tag","embeddable":true,"href":"https:\/\/tvtecjundiai.com.br\/news\/wp-json\/wp\/v2\/tags?post=88536"}],"curies":[{"name":"wp","href":"https:\/\/api.w.org\/{rel}","templated":true}]}}