{"id":88557,"date":"2022-02-09T14:30:05","date_gmt":"2022-02-09T17:30:05","guid":{"rendered":"https:\/\/tvtecjundiai.com.br\/news\/?p=88557"},"modified":"2022-02-09T14:32:23","modified_gmt":"2022-02-09T17:32:23","slug":"na-volta-as-aulas-escolas-ganham-tecnologia-com-material-maker-e-chromebooks","status":"publish","type":"post","link":"https:\/\/tvtecjundiai.com.br\/news\/2022\/02\/09\/na-volta-as-aulas-escolas-ganham-tecnologia-com-material-maker-e-chromebooks\/","title":{"rendered":"Na volta \u00e0s aulas, escolas ganham tecnologia com material maker e chromebooks"},"content":{"rendered":"\n<p>Jundia\u00ed, a Cidade das Crian\u00e7as que desenvolve a\u00e7\u00f5es para se tornar uma smart city, realizou nesta quarta-feira (09) a entrega de material maker, para escolas em per\u00edodo integral, e Chromebooks, para todas as unidades de Ensino Fundamental, inclusive o CMEJA (Centro de Educa\u00e7\u00e3o para Jovens e Adultos).<\/p>\n\n\n\n<p>A novidade fez sucesso com os alunos da EMEB Professor F\u00e1bio Rodrigues Mendes, localizada no bairro Engordadouro. \u201cVir para a aula ser\u00e1 muito mais legal agora. Nunca tinha visto algo assim na escola, o material novo faz a gente querer aprender para fazer tudo certo e \u00e9 muito educativo\u201d, comenta Ruan Cic\u00edlio Martins, de 10 anos, que est\u00e1 no 5\u00ba ano, enquanto monta algumas das pe\u00e7as do novo material.<\/p>\n\n\n\n<p>Com investimento total de R$ 6,173 milh\u00f5es, foram adquiridos ao todo 3.800 Chromebooks e 81 carrinhos para armazenamento seguro e recarga das baterias, al\u00e9m dos materiais para cultura maker.<\/p>\n\n\n\n<figure class=\"wp-block-image size-large\"><img loading=\"lazy\" decoding=\"async\" width=\"1200\" height=\"800\" src=\"https:\/\/tvtecjundiai.com.br\/news\/wp-content\/uploads\/sites\/2\/2022\/02\/entrega_material_maker_inovadora_emeb_fabio_mendes-454-1200x800.jpg\" alt=\"\" class=\"wp-image-88560\" srcset=\"https:\/\/tvtecjundiai.com.br\/news\/wp-content\/uploads\/sites\/2\/2022\/02\/entrega_material_maker_inovadora_emeb_fabio_mendes-454-1200x800.jpg 1200w, https:\/\/tvtecjundiai.com.br\/news\/wp-content\/uploads\/sites\/2\/2022\/02\/entrega_material_maker_inovadora_emeb_fabio_mendes-454-300x200.jpg 300w, https:\/\/tvtecjundiai.com.br\/news\/wp-content\/uploads\/sites\/2\/2022\/02\/entrega_material_maker_inovadora_emeb_fabio_mendes-454-768x512.jpg 768w, https:\/\/tvtecjundiai.com.br\/news\/wp-content\/uploads\/sites\/2\/2022\/02\/entrega_material_maker_inovadora_emeb_fabio_mendes-454.jpg 1280w\" sizes=\"auto, (max-width: 1200px) 100vw, 1200px\" \/><figcaption>Prefeito, vice-prefeito e gestores de Educa\u00e7\u00e3o e Governo e Finan\u00e7as visitaram escola no bairro do Engordadouro no primeiro dia de aula<\/figcaption><\/figure>\n\n\n\n<p>\u201cA volta \u00e0s aulas, com as crian\u00e7as seguras, \u00e9 um sonho e uma responsabilidade para todos n\u00f3s. Esse \u00e9 um momento muito especial, em que entregamos \u00e0s crian\u00e7as essa cultura do fazer, a partir da inova\u00e7\u00e3o e do desenvolvimento da educa\u00e7\u00e3o, que fazem parte da Escola Inovadora\u201d, aponta o prefeito Luiz Fernando Machado.<\/p>\n\n\n\n<p>A entrega faz parte da realiza\u00e7\u00e3o de projetos m\u00e3o-na-massa, vinculados ao curr\u00edculo escolar, desenvolvendo a criatividade, a resolu\u00e7\u00e3o de problemas, a negocia\u00e7\u00e3o de sentidos e habilidades socioemocionais. Os materiais v\u00e3o agregar e somar aos equipamentos tecnol\u00f3gicos entregues na rede municipal de ensino.<\/p>\n\n\n\n<figure class=\"wp-block-image size-large\"><img loading=\"lazy\" decoding=\"async\" width=\"1200\" height=\"800\" src=\"https:\/\/tvtecjundiai.com.br\/news\/wp-content\/uploads\/sites\/2\/2022\/02\/entrega_material_maker_inovadora_emeb_fabio_mendes-537-1200x800.jpg\" alt=\"\" class=\"wp-image-88561\" srcset=\"https:\/\/tvtecjundiai.com.br\/news\/wp-content\/uploads\/sites\/2\/2022\/02\/entrega_material_maker_inovadora_emeb_fabio_mendes-537-1200x800.jpg 1200w, https:\/\/tvtecjundiai.com.br\/news\/wp-content\/uploads\/sites\/2\/2022\/02\/entrega_material_maker_inovadora_emeb_fabio_mendes-537-300x200.jpg 300w, https:\/\/tvtecjundiai.com.br\/news\/wp-content\/uploads\/sites\/2\/2022\/02\/entrega_material_maker_inovadora_emeb_fabio_mendes-537-768x512.jpg 768w, https:\/\/tvtecjundiai.com.br\/news\/wp-content\/uploads\/sites\/2\/2022\/02\/entrega_material_maker_inovadora_emeb_fabio_mendes-537.jpg 1280w\" sizes=\"auto, (max-width: 1200px) 100vw, 1200px\" \/><figcaption>Crian\u00e7as ter\u00e3o uso de diversos equipamentos tecnol\u00f3gicos durante as aulas<\/figcaption><\/figure>\n\n\n\n<p>A aluna Mariana Bianchini Pineda, de 9 anos, gostou bastante dos chromebooks. \u201cAprender atrav\u00e9s dos v\u00eddeos que vamos assistir vai ser bem mais divertido e os materiais novos v\u00e3o incentivar a gente a vir para a aula todo os dias\u201d, disse.<\/p>\n\n\n\n<p>O conjunto educativo tamb\u00e9m conta com projetos e orienta\u00e7\u00f5es para a media\u00e7\u00e3o de professores junto aos alunos e material para a execu\u00e7\u00e3o de projetos designados a cada ano do ensino fundamental. Ele \u00e9 formado por elementos de eletr\u00f4nica e fabrica\u00e7\u00e3o digital como pe\u00e7as cortadas em impressora laser, materiais de papelaria e de reciclagem, al\u00e9m dos Chromebooks (notebooks que funcionam usando o sistema operacional do Google, o Chrome OS) que s\u00e3o de f\u00e1cil manuseio e ter\u00e3o o conte\u00fado 100% controlado pelos educadores.<\/p>\n\n\n\n<figure class=\"wp-block-image size-large\"><img loading=\"lazy\" decoding=\"async\" width=\"1200\" height=\"800\" src=\"https:\/\/tvtecjundiai.com.br\/news\/wp-content\/uploads\/sites\/2\/2022\/02\/entrega_material_maker_inovadora_emeb_fabio_mendes-506-1200x800.jpg\" alt=\"\" class=\"wp-image-88562\" srcset=\"https:\/\/tvtecjundiai.com.br\/news\/wp-content\/uploads\/sites\/2\/2022\/02\/entrega_material_maker_inovadora_emeb_fabio_mendes-506-1200x800.jpg 1200w, https:\/\/tvtecjundiai.com.br\/news\/wp-content\/uploads\/sites\/2\/2022\/02\/entrega_material_maker_inovadora_emeb_fabio_mendes-506-300x200.jpg 300w, https:\/\/tvtecjundiai.com.br\/news\/wp-content\/uploads\/sites\/2\/2022\/02\/entrega_material_maker_inovadora_emeb_fabio_mendes-506-768x512.jpg 768w, https:\/\/tvtecjundiai.com.br\/news\/wp-content\/uploads\/sites\/2\/2022\/02\/entrega_material_maker_inovadora_emeb_fabio_mendes-506.jpg 1280w\" sizes=\"auto, (max-width: 1200px) 100vw, 1200px\" \/><figcaption>Crian\u00e7as ter\u00e3o uso de diversos equipamentos tecnol\u00f3gicos durante as aulas<\/figcaption><\/figure>\n\n\n\n<p>\u201cO Programa Escola Inovadora vem, a cada dia, pensando essa nova era educacional, com uma educa\u00e7\u00e3o h\u00edbrida, e proporcionando a cultura digital, com equipamentos tecnol\u00f3gicos educacionais. Buscamos uma educa\u00e7\u00e3o l\u00fadica e emocionalmente est\u00e1vel, com trabalho em diferentes ambientes e materiais. Nessa nova era, as possibilidades s\u00e3o muitas\u201d, comenta a gestora da Unidade de Gest\u00e3o de Educa\u00e7\u00e3o (UGE), Vast\u00ed Ferrari Marques.<\/p>\n\n\n\n<p>Todas as escolas do Ensino Fundamental jundiaiense tamb\u00e9m est\u00e3o recebendo telas interativas (lousas digitais) e tablets para as salas de Atendimento Educacional Especializado (AEE) do Programa \u201cEstudo \u00c9 Tudo\u201d e para os meninos e meninas que constam no Bolsa do Povo.<\/p>\n\n\n\n<p>Tamb\u00e9m participaram da visita no primeiro dia de aula o vice-prefeito Gustavo Martinelli e o gestor da Unidade de Gest\u00e3o de Governo e Finan\u00e7as (UGGF) Jos\u00e9 Antonio Parimoschi.<\/p>\n\n\n\n<figure class=\"wp-block-image size-large\"><img loading=\"lazy\" decoding=\"async\" width=\"1200\" height=\"800\" src=\"https:\/\/tvtecjundiai.com.br\/news\/wp-content\/uploads\/sites\/2\/2022\/02\/entrega_material_maker_inovadora_emeb_fabio_mendes-436-1200x800.jpg\" alt=\"\" class=\"wp-image-88563\" srcset=\"https:\/\/tvtecjundiai.com.br\/news\/wp-content\/uploads\/sites\/2\/2022\/02\/entrega_material_maker_inovadora_emeb_fabio_mendes-436-1200x800.jpg 1200w, https:\/\/tvtecjundiai.com.br\/news\/wp-content\/uploads\/sites\/2\/2022\/02\/entrega_material_maker_inovadora_emeb_fabio_mendes-436-300x200.jpg 300w, https:\/\/tvtecjundiai.com.br\/news\/wp-content\/uploads\/sites\/2\/2022\/02\/entrega_material_maker_inovadora_emeb_fabio_mendes-436-768x512.jpg 768w, https:\/\/tvtecjundiai.com.br\/news\/wp-content\/uploads\/sites\/2\/2022\/02\/entrega_material_maker_inovadora_emeb_fabio_mendes-436.jpg 1280w\" sizes=\"auto, (max-width: 1200px) 100vw, 1200px\" \/><figcaption>Crian\u00e7as se encantaram com o material maker apresentado, que ser\u00e1 utilizado nas atividades escolares<\/figcaption><\/figure>\n\n\n\n<p><strong><em>(Fonte\/Imagens: Prefeitura de Jundia\u00ed)<\/em><\/strong><\/p>\n","protected":false},"excerpt":{"rendered":"<p>A entrega faz parte da realiza\u00e7\u00e3o de projetos m\u00e3o-na-massa, vinculados ao curr\u00edculo escolar<\/p>\n","protected":false},"author":30,"featured_media":88563,"comment_status":"closed","ping_status":"closed","sticky":false,"template":"","format":"standard","meta":{"footnotes":""},"categories":[2828,8356,1],"tags":[],"class_list":["post-88557","post","type-post","status-publish","format-standard","has-post-thumbnail","hentry","category-educacao","category-jundiai","category-noticias"],"_links":{"self":[{"href":"https:\/\/tvtecjundiai.com.br\/news\/wp-json\/wp\/v2\/posts\/88557","targetHints":{"allow":["GET"]}}],"collection":[{"href":"https:\/\/tvtecjundiai.com.br\/news\/wp-json\/wp\/v2\/posts"}],"about":[{"href":"https:\/\/tvtecjundiai.com.br\/news\/wp-json\/wp\/v2\/types\/post"}],"author":[{"embeddable":true,"href":"https:\/\/tvtecjundiai.com.br\/news\/wp-json\/wp\/v2\/users\/30"}],"replies":[{"embeddable":true,"href":"https:\/\/tvtecjundiai.com.br\/news\/wp-json\/wp\/v2\/comments?post=88557"}],"version-history":[{"count":2,"href":"https:\/\/tvtecjundiai.com.br\/news\/wp-json\/wp\/v2\/posts\/88557\/revisions"}],"predecessor-version":[{"id":88565,"href":"https:\/\/tvtecjundiai.com.br\/news\/wp-json\/wp\/v2\/posts\/88557\/revisions\/88565"}],"wp:featuredmedia":[{"embeddable":true,"href":"https:\/\/tvtecjundiai.com.br\/news\/wp-json\/wp\/v2\/media\/88563"}],"wp:attachment":[{"href":"https:\/\/tvtecjundiai.com.br\/news\/wp-json\/wp\/v2\/media?parent=88557"}],"wp:term":[{"taxonomy":"category","embeddable":true,"href":"https:\/\/tvtecjundiai.com.br\/news\/wp-json\/wp\/v2\/categories?post=88557"},{"taxonomy":"post_tag","embeddable":true,"href":"https:\/\/tvtecjundiai.com.br\/news\/wp-json\/wp\/v2\/tags?post=88557"}],"curies":[{"name":"wp","href":"https:\/\/api.w.org\/{rel}","templated":true}]}}