{"id":8869,"date":"2018-04-16T11:58:51","date_gmt":"2018-04-16T14:58:51","guid":{"rendered":"https:\/\/tvtecjundiai.com.br\/news\/?p=8869"},"modified":"2018-04-16T11:58:51","modified_gmt":"2018-04-16T14:58:51","slug":"cafe-pode-ajudar-na-prevencao-de-doencas","status":"publish","type":"post","link":"https:\/\/tvtecjundiai.com.br\/news\/2018\/04\/16\/cafe-pode-ajudar-na-prevencao-de-doencas\/","title":{"rendered":"Caf\u00e9 pode ajudar na preven\u00e7\u00e3o de doen\u00e7as"},"content":{"rendered":"<div class=\"mc-column content-text active-extra-styles active-capital-letter\" data-block-type=\"unstyled\" data-block-weight=\"52\" data-block-id=\"2\">\n<div id=\"attachment_8870\" style=\"width: 460px\" class=\"wp-caption alignright\"><a href=\"https:\/\/tvtecjundiai.com.br\/news\/wp-content\/uploads\/sites\/2\/2018\/04\/cafe.png\"><img loading=\"lazy\" decoding=\"async\" aria-describedby=\"caption-attachment-8870\" class=\"wp-image-8870\" src=\"https:\/\/tvtecjundiai.com.br\/news\/wp-content\/uploads\/sites\/2\/2018\/04\/cafe-300x196.png\" alt=\"\" width=\"450\" height=\"294\" srcset=\"https:\/\/tvtecjundiai.com.br\/news\/wp-content\/uploads\/sites\/2\/2018\/04\/cafe-300x196.png 300w, https:\/\/tvtecjundiai.com.br\/news\/wp-content\/uploads\/sites\/2\/2018\/04\/cafe-768x501.png 768w, https:\/\/tvtecjundiai.com.br\/news\/wp-content\/uploads\/sites\/2\/2018\/04\/cafe.png 1042w\" sizes=\"auto, (max-width: 450px) 100vw, 450px\" \/><\/a><p id=\"caption-attachment-8870\" class=\"wp-caption-text\">A cafe\u00edna \u00e9 conhecida por seus efeitos estimulantes e geralmente \u00e9 associada a melhora no estado de alerta, na capacidade de aprendizado e de concentra\u00e7\u00e3o e no aumento de energia<\/p><\/div>\n<p class=\"content-text__container theme-color-primary-first-letter\" data-track-category=\"Link no Texto\" data-track-links=\"\">O Instituto Nacional de Sa\u00fade dos EUA afirma que quem toma caf\u00e9 vive mais do quem n\u00e3o toma. O caf\u00e9 \u00e9 um estimulante, pois age no sistema nervoso central, deixando a pessoa em estado de alerta. Se ela est\u00e1 no meio do dia e precisa manter-se alerta, ele \u00e9 um aliado. Entretanto, se est\u00e1 prestes a dormir, a bebida pode atrapalhar o sono. Portanto, deve ser consumida com modera\u00e7\u00e3o.<\/p>\n<\/div>\n<div class=\"mc-column content-text active-extra-styles \" data-block-type=\"unstyled\" data-block-weight=\"71\" data-block-id=\"3\">\n<div class=\"mc-column content-text active-extra-styles \" data-block-type=\"unstyled\" data-block-weight=\"3\" data-block-id=\"5\"><\/div>\n<div class=\"mc-column content-text active-extra-styles \" data-block-type=\"unstyled\" data-block-weight=\"23\" data-block-id=\"6\">\n<p class=\"content-text__container \" data-track-category=\"Link no Texto\" data-track-links=\"\">\n<\/div>\n<div class=\"mc-column content-text active-extra-styles \" data-block-type=\"unstyled\" data-block-weight=\"38\" data-block-id=\"7\">\n<p class=\"content-text__container \" data-track-category=\"Link no Texto\" data-track-links=\"\">Estudos apontam que o caf\u00e9 pode reduzir o AVC em mulheres, reduzir em 10% as doen\u00e7as cardiovasculares (como infarto, morte cardiovascular). J\u00e1 pesquisas feitas em ratos mostram que ele tamb\u00e9m protege contra o mal de Parkinson e Alzheimer. A cafe\u00edna \u00e9 conhecida por seus efeitos estimulantes e geralmente \u00e9 associada a melhora no estado de alerta, na capacidade de aprendizado e de concentra\u00e7\u00e3o e no aumento de energia (ou resist\u00eancia ao esfor\u00e7o f\u00edsico).<\/p>\n<\/div>\n<div class=\"mc-column content-text active-extra-styles \" data-block-type=\"unstyled\" data-block-weight=\"35\" data-block-id=\"8\">\n<div class=\"mc-column content-text active-extra-styles \" data-block-type=\"unstyled\" data-block-weight=\"55\" data-block-id=\"11\">\n<p class=\"content-text__container \" data-track-category=\"Link no Texto\" data-track-links=\"\">Mas o cafezinho tamb\u00e9m pode trazer malef\u00edcios, como \u00e9 o caso de pessoas que tem sensibilidade \u00e0 cafe\u00edna, por exemplo. A bebida pode atrapalhar o sono, promover o desenvolvimento ou atacar a gastrite e ser prejudicial \u00e0s pessoas que t\u00eam arritmia. P\u00edlulas de cafe\u00edna n\u00e3o trazem o mesmo benef\u00edcio que o caf\u00e9. Quem toma, tem mais chances de desenvolver problemas card\u00edacos.<\/p>\n<\/div>\n<div class=\"mc-column content-text active-extra-styles \" data-block-type=\"unstyled\" data-block-weight=\"51\" data-block-id=\"12\">\n<p class=\"content-text__container \" data-track-category=\"Link no Texto\" data-track-links=\"\">O maior risco do caf\u00e9 n\u00e3o \u00e9 para pessoas que consomem com frequ\u00eancia, mas para quem nunca bebe e, de uma s\u00f3 vez, resolve tomar em grande quantidade. O organismo que n\u00e3o est\u00e1 acostumado com as subst\u00e2ncias estimulantes do caf\u00e9 pode ter convuls\u00e3o, aumento do batimento card\u00edaco, aumento da press\u00e3o ou infarto.<\/p>\n<p data-track-category=\"Link no Texto\" data-track-links=\"\">Fonte: G1<\/p>\n<\/div>\n<\/div>\n<\/div>\n","protected":false},"excerpt":{"rendered":"<p>A cafe\u00edna \u00e9 conhecida por seus efeitos estimulantes<\/p>\n","protected":false},"author":10,"featured_media":8870,"comment_status":"closed","ping_status":"closed","sticky":false,"template":"","format":"standard","meta":{"footnotes":""},"categories":[1,2839],"tags":[1903,2860,5,6,15],"class_list":["post-8869","post","type-post","status-publish","format-standard","has-post-thumbnail","hentry","category-noticias","category-saude","tag-brasil","tag-cafe","tag-jundiai","tag-saude","tag-tvtec"],"_links":{"self":[{"href":"https:\/\/tvtecjundiai.com.br\/news\/wp-json\/wp\/v2\/posts\/8869","targetHints":{"allow":["GET"]}}],"collection":[{"href":"https:\/\/tvtecjundiai.com.br\/news\/wp-json\/wp\/v2\/posts"}],"about":[{"href":"https:\/\/tvtecjundiai.com.br\/news\/wp-json\/wp\/v2\/types\/post"}],"author":[{"embeddable":true,"href":"https:\/\/tvtecjundiai.com.br\/news\/wp-json\/wp\/v2\/users\/10"}],"replies":[{"embeddable":true,"href":"https:\/\/tvtecjundiai.com.br\/news\/wp-json\/wp\/v2\/comments?post=8869"}],"version-history":[{"count":1,"href":"https:\/\/tvtecjundiai.com.br\/news\/wp-json\/wp\/v2\/posts\/8869\/revisions"}],"predecessor-version":[{"id":8871,"href":"https:\/\/tvtecjundiai.com.br\/news\/wp-json\/wp\/v2\/posts\/8869\/revisions\/8871"}],"wp:featuredmedia":[{"embeddable":true,"href":"https:\/\/tvtecjundiai.com.br\/news\/wp-json\/wp\/v2\/media\/8870"}],"wp:attachment":[{"href":"https:\/\/tvtecjundiai.com.br\/news\/wp-json\/wp\/v2\/media?parent=8869"}],"wp:term":[{"taxonomy":"category","embeddable":true,"href":"https:\/\/tvtecjundiai.com.br\/news\/wp-json\/wp\/v2\/categories?post=8869"},{"taxonomy":"post_tag","embeddable":true,"href":"https:\/\/tvtecjundiai.com.br\/news\/wp-json\/wp\/v2\/tags?post=8869"}],"curies":[{"name":"wp","href":"https:\/\/api.w.org\/{rel}","templated":true}]}}