{"id":8872,"date":"2018-04-16T12:06:50","date_gmt":"2018-04-16T15:06:50","guid":{"rendered":"https:\/\/tvtecjundiai.com.br\/news\/?p=8872"},"modified":"2018-04-16T12:58:18","modified_gmt":"2018-04-16T15:58:18","slug":"caixa-anuncia-reducao-de-juros-e-aumento-do-valor-financiado-para-a-casa-propria","status":"publish","type":"post","link":"https:\/\/tvtecjundiai.com.br\/news\/2018\/04\/16\/caixa-anuncia-reducao-de-juros-e-aumento-do-valor-financiado-para-a-casa-propria\/","title":{"rendered":"Caixa reduz taxa de juros do cr\u00e9dito imobili\u00e1rio"},"content":{"rendered":"<div class=\"mc-column content-text active-extra-styles \" data-block-type=\"unstyled\" data-block-weight=\"28\" data-block-id=\"5\">\n<div id=\"attachment_8873\" style=\"width: 430px\" class=\"wp-caption alignright\"><a href=\"https:\/\/tvtecjundiai.com.br\/news\/wp-content\/uploads\/sites\/2\/2018\/04\/taxas-juros-caixa-casa-propria-v2.png\"><img loading=\"lazy\" decoding=\"async\" aria-describedby=\"caption-attachment-8873\" class=\"wp-image-8873\" src=\"https:\/\/tvtecjundiai.com.br\/news\/wp-content\/uploads\/sites\/2\/2018\/04\/taxas-juros-caixa-casa-propria-v2-300x269.png\" alt=\"\" width=\"420\" height=\"376\" srcset=\"https:\/\/tvtecjundiai.com.br\/news\/wp-content\/uploads\/sites\/2\/2018\/04\/taxas-juros-caixa-casa-propria-v2-300x269.png 300w, https:\/\/tvtecjundiai.com.br\/news\/wp-content\/uploads\/sites\/2\/2018\/04\/taxas-juros-caixa-casa-propria-v2-768x688.png 768w, https:\/\/tvtecjundiai.com.br\/news\/wp-content\/uploads\/sites\/2\/2018\/04\/taxas-juros-caixa-casa-propria-v2-1072x960.png 1072w, https:\/\/tvtecjundiai.com.br\/news\/wp-content\/uploads\/sites\/2\/2018\/04\/taxas-juros-caixa-casa-propria-v2.png 1600w\" sizes=\"auto, (max-width: 420px) 100vw, 420px\" \/><\/a><p id=\"caption-attachment-8873\" class=\"wp-caption-text\">Redu\u00e7\u00e3o \u00e9 de at\u00e9 1,25 ponto percentual no cr\u00e9dito imobili\u00e1rio que usa recursos do Sistema Brasileiro de Poupan\u00e7a e Empr\u00e9stimo<\/p><\/div>\n<p>A Caixa Econ\u00f4mica Federal anunciou nesta segunda-feira (16) a redu\u00e7\u00e3o dos juros para financiamento da casa pr\u00f3pria e aumento do percentual a ser financiado para compra de im\u00f3vel usado. As mudan\u00e7as, que j\u00e1 come\u00e7aram a valer, s\u00e3o para linhas de financiamento que utilizam recursos do Sistema Brasileiro de Poupan\u00e7a e Empr\u00e9stimo.<\/p>\n<p>Para compra de im\u00f3veis pelo Sistema Financeiro Habitacional (SFH), onde est\u00e3o enquadrados os im\u00f3veis residenciais de at\u00e9 R$ 800 mil para todo o pa\u00eds &#8211; exceto Rio de Janeiro, S\u00e3o Paulo, Minas Gerais e Distrito Federal, cujo limite \u00e9 de R$ 950 mil &#8211; a taxa m\u00ednima de juros caiu de 10,25% para 9% ao ano.<\/p>\n<p>Enquanto isso, para im\u00f3veis enquadrados no Sistema de Financiamento Imobili\u00e1rio (SFI), cujos valores dos im\u00f3veis s\u00e3o acima dos limites do SFH, a taxa m\u00ednima caiu de 11,25% para 10% ao ano. O percentual do valor a ser financiado dos im\u00f3veis usados subiu de 50 para 70%. Para unidades novas, foi mantido o percentual de 80% no teto do financiamento.<\/p>\n<p>A\u00a0\u00faltima redu\u00e7\u00e3o de juros aconteceu em novembro de 2016, quando a Caixa anunciou queda de 0,25 ponto percentual ao ano para todas as linhas. Em 2018, o banco informou que possui R$ 82,1 bilh\u00f5es para o cr\u00e9dito habitacional.<\/p>\n<p><em>Fonte: Portal G1<\/em><\/p>\n<\/div>\n","protected":false},"excerpt":{"rendered":"<p>Banco voltou a financiar 70% do im\u00f3vel usado<\/p>\n","protected":false},"author":10,"featured_media":8874,"comment_status":"closed","ping_status":"closed","sticky":false,"template":"","format":"standard","meta":{"footnotes":""},"categories":[2829,1],"tags":[1918,322,5,15],"class_list":["post-8872","post","type-post","status-publish","format-standard","has-post-thumbnail","hentry","category-economia","category-noticias","tag-caixa","tag-caixa-economica-federal","tag-jundiai","tag-tvtec"],"_links":{"self":[{"href":"https:\/\/tvtecjundiai.com.br\/news\/wp-json\/wp\/v2\/posts\/8872","targetHints":{"allow":["GET"]}}],"collection":[{"href":"https:\/\/tvtecjundiai.com.br\/news\/wp-json\/wp\/v2\/posts"}],"about":[{"href":"https:\/\/tvtecjundiai.com.br\/news\/wp-json\/wp\/v2\/types\/post"}],"author":[{"embeddable":true,"href":"https:\/\/tvtecjundiai.com.br\/news\/wp-json\/wp\/v2\/users\/10"}],"replies":[{"embeddable":true,"href":"https:\/\/tvtecjundiai.com.br\/news\/wp-json\/wp\/v2\/comments?post=8872"}],"version-history":[{"count":5,"href":"https:\/\/tvtecjundiai.com.br\/news\/wp-json\/wp\/v2\/posts\/8872\/revisions"}],"predecessor-version":[{"id":8884,"href":"https:\/\/tvtecjundiai.com.br\/news\/wp-json\/wp\/v2\/posts\/8872\/revisions\/8884"}],"wp:featuredmedia":[{"embeddable":true,"href":"https:\/\/tvtecjundiai.com.br\/news\/wp-json\/wp\/v2\/media\/8874"}],"wp:attachment":[{"href":"https:\/\/tvtecjundiai.com.br\/news\/wp-json\/wp\/v2\/media?parent=8872"}],"wp:term":[{"taxonomy":"category","embeddable":true,"href":"https:\/\/tvtecjundiai.com.br\/news\/wp-json\/wp\/v2\/categories?post=8872"},{"taxonomy":"post_tag","embeddable":true,"href":"https:\/\/tvtecjundiai.com.br\/news\/wp-json\/wp\/v2\/tags?post=8872"}],"curies":[{"name":"wp","href":"https:\/\/api.w.org\/{rel}","templated":true}]}}