{"id":88926,"date":"2022-02-17T12:26:06","date_gmt":"2022-02-17T15:26:06","guid":{"rendered":"https:\/\/tvtecjundiai.com.br\/news\/?p=88926"},"modified":"2022-02-17T14:35:12","modified_gmt":"2022-02-17T17:35:12","slug":"covid-19-sabado-18-tera-vacinacao-sem-agendamento-e-ampliacao-de-publico","status":"publish","type":"post","link":"https:\/\/tvtecjundiai.com.br\/news\/2022\/02\/17\/covid-19-sabado-18-tera-vacinacao-sem-agendamento-e-ampliacao-de-publico\/","title":{"rendered":"COVID-19: S\u00e1bado (19) ter\u00e1 vacina\u00e7\u00e3o sem agendamento e amplia\u00e7\u00e3o de p\u00fablico"},"content":{"rendered":"\n<p>Neste s\u00e1bado (19), a vacina\u00e7\u00e3o contra a COVID-19 ser\u00e1 realizada em quatro pontos na cidade, sem a necessidade de agendamento. A F\u00e1brica das Inf\u00e2ncias e a UBS Novo Horizonte ser\u00e3o dedicadas ao atendimento das crian\u00e7as entre 5 a 11 anos com ou sem comorbidades. J\u00e1 quem tem a partir de 12 anos, e que est\u00e1 com alguma dose em atraso, pode procurar o Parque da Uva ou a UBS Fazenda Grande.<\/p>\n\n\n\n<p>Todos os equipamentos funcionar\u00e3o das 8h30 \u00e0s 15h30. Al\u00e9m dos p\u00fablicos j\u00e1 determinados para as aplica\u00e7\u00f5es, o Minist\u00e9rio da Sa\u00fade ampliou a dose adicional para os p\u00fablicos imunossuprimidos entre 12 a 17 anos.<\/p>\n\n\n\n<p>Jundia\u00ed conta com cerca de 116 mil pessoas com alguma dose de vacina contra a COVID-19 em atraso. \u201cAs fam\u00edlias que ainda n\u00e3o levaram os filhos para a aplica\u00e7\u00e3o da primeira dose de vacina contra COVID-19 devem buscar um dos postos pedi\u00e1tricos neste s\u00e1bado (19), sem a necessidade de agendamento, para receber a aplica\u00e7\u00e3o. Jundia\u00ed j\u00e1 tem 57% das crian\u00e7as entre 5 a 11 com a primeira dose aplicada\u201d, comenta a enfermeira da Vigil\u00e2ncia Epidemiol\u00f3gica (VE) Maria do Carmo Possidente.<\/p>\n\n\n\n<figure class=\"wp-block-image\"><img decoding=\"async\" src=\"https:\/\/jundiai.sp.gov.br\/noticias\/wp-content\/uploads\/sites\/32\/2022\/02\/vacinacao-covid-19-infantil-fabrica-das-infancias_c_-105.jpg\" alt=\"\" class=\"wp-image-286100\" \/><figcaption>Vacina\u00e7\u00e3o contra COVID-19 na F\u00e1brica das Inf\u00e2ncias, no pr\u00f3ximo s\u00e1bado (19), n\u00e3o ter\u00e1 necessidade de agendamento<\/figcaption><\/figure>\n\n\n\n<p><strong>Novos grupos<\/strong><\/p>\n\n\n\n<p>Os imunossuprimidos (inclusive gestantes e pu\u00e9rperas imunossuprimidas) de 12 a 17 devem receber a terceira dose contra a COVID-19 8 semanas ap\u00f3s a segunda aplica\u00e7\u00e3o. O mesmo grupo ainda deve receber a quarta dose ap\u00f3s quatro meses da terceira aplica\u00e7\u00e3o.<\/p>\n\n\n\n<p>Para as pessoas com 18 anos ou mais, o cronograma de aplica\u00e7\u00e3o permanece o mesmo: devem receber dose adicional quatro meses ap\u00f3s a segunda dose de Pfixzer, Astrazeneca ou Coronavac, ou 61 dias ap\u00f3s a dose \u00fanica da Janssen.<\/p>\n\n\n\n<p>Os imunossuprimidos com 18 anos ou mais (inclusive gestantes e pu\u00e9rperas imunossuprimidas) devem receber a dose adicional 28 dias ap\u00f3s a segunda dose ou dose \u00fanica, e a quarta dose depois de quatro meses.<\/p>\n\n\n\n<p><em><strong>(Fonte\/Imagem: Prefeitura de Jundia\u00ed)<\/strong><\/em><\/p>\n","protected":false},"excerpt":{"rendered":"<p>Neste s\u00e1bado (19), a vacina\u00e7\u00e3o contra a COVID-19 ser\u00e1 realizada em quatro pontos, sem agendamento.<\/p>\n","protected":false},"author":27,"featured_media":88927,"comment_status":"closed","ping_status":"closed","sticky":false,"template":"","format":"standard","meta":{"footnotes":""},"categories":[8356],"tags":[],"class_list":["post-88926","post","type-post","status-publish","format-standard","has-post-thumbnail","hentry","category-jundiai"],"_links":{"self":[{"href":"https:\/\/tvtecjundiai.com.br\/news\/wp-json\/wp\/v2\/posts\/88926","targetHints":{"allow":["GET"]}}],"collection":[{"href":"https:\/\/tvtecjundiai.com.br\/news\/wp-json\/wp\/v2\/posts"}],"about":[{"href":"https:\/\/tvtecjundiai.com.br\/news\/wp-json\/wp\/v2\/types\/post"}],"author":[{"embeddable":true,"href":"https:\/\/tvtecjundiai.com.br\/news\/wp-json\/wp\/v2\/users\/27"}],"replies":[{"embeddable":true,"href":"https:\/\/tvtecjundiai.com.br\/news\/wp-json\/wp\/v2\/comments?post=88926"}],"version-history":[{"count":2,"href":"https:\/\/tvtecjundiai.com.br\/news\/wp-json\/wp\/v2\/posts\/88926\/revisions"}],"predecessor-version":[{"id":88947,"href":"https:\/\/tvtecjundiai.com.br\/news\/wp-json\/wp\/v2\/posts\/88926\/revisions\/88947"}],"wp:featuredmedia":[{"embeddable":true,"href":"https:\/\/tvtecjundiai.com.br\/news\/wp-json\/wp\/v2\/media\/88927"}],"wp:attachment":[{"href":"https:\/\/tvtecjundiai.com.br\/news\/wp-json\/wp\/v2\/media?parent=88926"}],"wp:term":[{"taxonomy":"category","embeddable":true,"href":"https:\/\/tvtecjundiai.com.br\/news\/wp-json\/wp\/v2\/categories?post=88926"},{"taxonomy":"post_tag","embeddable":true,"href":"https:\/\/tvtecjundiai.com.br\/news\/wp-json\/wp\/v2\/tags?post=88926"}],"curies":[{"name":"wp","href":"https:\/\/api.w.org\/{rel}","templated":true}]}}